{"id":25469,"date":"2026-05-01T12:01:35","date_gmt":"2026-05-01T15:01:35","guid":{"rendered":"https:\/\/jornalcorporativo.com.br\/redacao\/ruas-bloqueadas-copacabana-show-shakira-transito\/"},"modified":"2026-05-01T12:01:35","modified_gmt":"2026-05-01T15:01:35","slug":"ruas-bloqueadas-copacabana-show-shakira-transito","status":"publish","type":"post","link":"https:\/\/jornalcorporativo.com.br\/en\/brasil\/ruas-bloqueadas-copacabana-show-shakira-transito\/","title":{"rendered":"Show da Shakira em Copacabana: Guia Completo de Ruas Bloqueadas e Altera\u00e7\u00f5es no Tr\u00e2nsito do Rio"},"content":{"rendered":"<h2>Opera\u00e7\u00e3o de Tr\u00e2nsito para o Show de Shakira em Copacabana<\/h2>\n<p>O aguardado show de Shakira na Praia de Copacabana trar\u00e1 significativas mudan\u00e7as no esquema de tr\u00e2nsito do Rio de Janeiro. A opera\u00e7\u00e3o, coordenada pela prefeitura e executada pela CET-Rio, visa acomodar um p\u00fablico estimado em 2 milh\u00f5es de pessoas durante o evento. As interdi\u00e7\u00f5es come\u00e7am no primeiro minuto de s\u00e1bado e se estendem at\u00e9 a manh\u00e3 de domingo, abrangendo praticamente todo o bairro com bloqueios estrat\u00e9gicos, altera\u00e7\u00f5es de sentido de vias e rotas alternativas para motoristas.<\/p>\n<h2>Avenida Atl\u00e2ntica: Interdi\u00e7\u00f5es Totais<\/h2>\n<p>A Avenida Atl\u00e2ntica, principal via do bairro, ter\u00e1 <strong>interdi\u00e7\u00e3o total em diferentes trechos e hor\u00e1rios<\/strong>. Na pista junto \u00e0 praia, a Rua Francisco Otaviano at\u00e9 Avenida Prado J\u00fanior ficar\u00e1 bloqueada das 0h de s\u00e1bado \u00e0s 18h de domingo. A Avenida Prado J\u00fanior at\u00e9 Pra\u00e7a Almirante J\u00falio de Noronha permanecer\u00e1 interditada das 0h de s\u00e1bado \u00e0s 6h de domingo. J\u00e1 o trecho da Rua Figueiredo de Magalh\u00e3es at\u00e9 Avenida Prado J\u00fanior ter\u00e1 interdi\u00e7\u00e3o a partir das 18h de sexta at\u00e9 0h de s\u00e1bado.<\/p>\n<p>Na pista junto \u00e0s edifica\u00e7\u00f5es, a Avenida Princesa Isabel at\u00e9 Rua Joaquim Nabuco ser\u00e1 bloqueada das 0h de s\u00e1bado \u00e0s 10h de domingo, enquanto a Pra\u00e7a Almirante J\u00falio de Noronha at\u00e9 Avenida Princesa Isabel ter\u00e1 interdi\u00e7\u00e3o das 0h de s\u00e1bado \u00e0s 6h de domingo.<\/p>\n<h2>Ruas Totalmente Interditadas<\/h2>\n<p>Diversas ruas no entorno do local do evento estar\u00e3o <strong>completamente bloqueadas para o tr\u00e2nsito<\/strong> das 0h de s\u00e1bado \u00e0s 10h de domingo. A lista inclui: Rua Francisco Otaviano, Avenida Princesa Isabel (sentido orla), Avenida Prado J\u00fanior, Rua Joaquim Nabuco, Rua J\u00falio de Castilhos, Rua Francisco S\u00e1, Rua S\u00e1 Ferreira, Rua Almirante Gon\u00e7alves, Rua Aires Saldanha, Rua Miguel Lemos, Rua Xavier da Silveira, Rua Constante Ramos, Rua Santa Clara, Rua Hil\u00e1rio de Gouveia, Rua Rodolfo Dantas e Rua Fernando Mendes.<\/p>\n<h2>Vias com Hor\u00e1rios Espec\u00edficos<\/h2>\n<p>A Rua Siqueira Campos ter\u00e1 interdi\u00e7\u00f5es em duas fases: das 6h de s\u00e1bado \u00e0s 6h de domingo no trecho da Pra\u00e7a Vereador Rocha Le\u00e3o at\u00e9 Rua Tonelero, e das 0h de s\u00e1bado \u00e0s 10h de domingo de Avenida Nossa Senhora de Copacabana at\u00e9 Avenida Atl\u00e2ntica. A Rua Ministro Viveiros de Castro ficar\u00e1 bloqueada das 0h de s\u00e1bado \u00e0s 4h de domingo.<\/p>\n<p>O Aterro do Flamengo (Avenida Infante Dom Henrique) ter\u00e1 interdi\u00e7\u00e3o das 18h de s\u00e1bado \u00e0s 18h de domingo. Na regi\u00e3o de Botafogo, as interdi\u00e7\u00f5es ocorrem das 18h de s\u00e1bado \u00e0s 4h de domingo em: Avenida das Na\u00e7\u00f5es Unidas (com \u00f4nibus liberados), Avenida Rep\u00f3rter Nestor Moreira e Avenida Oswaldo Cruz.<\/p>\n<h2>Mudan\u00e7as de Sentido e M\u00e3o Dupla Tempor\u00e1ria<\/h2>\n<p>No domingo, das 6h \u00e0s 18h, haver\u00e1 <strong>invers\u00e3o de sentido<\/strong> na Rua Joaquim Nabuco (sentido Avenida Atl\u00e2ntica) e na Avenida Atl\u00e2ntica pista junto \u00e0s edifica\u00e7\u00f5es (sentido Avenida Princesa Isabel). M\u00e3o dupla tempor\u00e1ria ser\u00e1 implementada na Rua Gustavo Sampaio das 0h de s\u00e1bado \u00e0s 4h de domingo, e na Pra\u00e7a Nicar\u00e1gua e Rua General G\u00f3is Monteiro das 18h de s\u00e1bado \u00e0s 4h de domingo.<\/p>\n<h2>Rotas Alternativas para Motoristas<\/h2>\n<p>A prefeitura recomenda rotas alternativas para facilitar a circula\u00e7\u00e3o. Para deslocamentos entre Botafogo e Urca, aconselha-se usar: Viaduto Pedro \u00c1lvares Cabral, Rua da Passagem e Avenida Pasteur. Entre Copacabana e Leme, as recomenda\u00e7\u00f5es s\u00e3o Rua Ant\u00f4nio Vieira e Rua Gustavo Sampaio.<\/p>\n<h2>Proibi\u00e7\u00e3o de Estacionamento<\/h2>\n<p>Das 0h de s\u00e1bado \u00e0s 6h de domingo, o estacionamento ser\u00e1 proibido em m\u00faltiplas ruas: Avenida Atl\u00e2ntica (toda extens\u00e3o), Avenida Nossa Senhora de Copacabana, Rua Barata Ribeiro, Avenida Princesa Isabel, Rua Tonelero, Rua Siqueira Campos, Rua Santa Clara, Rua Bol\u00edvar, Rua Miguel Lemos, Rua Xavier da Silveira, Avenida Pasteur, Avenida Lauro Sodr\u00e9, Rua Real Grandeza e Rua da Passagem.<\/p>\n<h2>Impacto Econ\u00f4mico e Seguran\u00e7a<\/h2>\n<p>O show de Shakira deve movimentar a economia carioca em aproximadamente <strong>R$ 800 milh\u00f5es<\/strong>. A estrutura de seguran\u00e7a ser\u00e1 equivalente \u00e0 do R\u00e9veillon, incluindo quase oito mil agentes, 78 torres de observa\u00e7\u00e3o, 600 c\u00e2meras, drones e helic\u00f3pteros.<\/p>","protected":false},"excerpt":{"rendered":"<p>Guia completo das ruas bloqueadas em Copacabana para o show da Shakira. Confira interdi\u00e7\u00f5es, altera\u00e7\u00f5es de tr\u00e2nsito e rotas alternativas.<\/p>","protected":false},"author":4,"featured_media":25465,"comment_status":"open","ping_status":"open","sticky":false,"template":"","format":"standard","meta":{"_crdt_document":"","footnotes":""},"categories":[36],"tags":[],"class_list":["post-25469","post","type-post","status-publish","format-standard","has-post-thumbnail","hentry","category-brasil"],"brizy_media":[],"_links":{"self":[{"href":"https:\/\/jornalcorporativo.com.br\/en\/wp-json\/wp\/v2\/posts\/25469","targetHints":{"allow":["GET"]}}],"collection":[{"href":"https:\/\/jornalcorporativo.com.br\/en\/wp-json\/wp\/v2\/posts"}],"about":[{"href":"https:\/\/jornalcorporativo.com.br\/en\/wp-json\/wp\/v2\/types\/post"}],"author":[{"embeddable":true,"href":"https:\/\/jornalcorporativo.com.br\/en\/wp-json\/wp\/v2\/users\/4"}],"replies":[{"embeddable":true,"href":"https:\/\/jornalcorporativo.com.br\/en\/wp-json\/wp\/v2\/comments?post=25469"}],"version-history":[{"count":0,"href":"https:\/\/jornalcorporativo.com.br\/en\/wp-json\/wp\/v2\/posts\/25469\/revisions"}],"wp:featuredmedia":[{"embeddable":true,"href":"https:\/\/jornalcorporativo.com.br\/en\/wp-json\/wp\/v2\/media\/25465"}],"wp:attachment":[{"href":"https:\/\/jornalcorporativo.com.br\/en\/wp-json\/wp\/v2\/media?parent=25469"}],"wp:term":[{"taxonomy":"category","embeddable":true,"href":"https:\/\/jornalcorporativo.com.br\/en\/wp-json\/wp\/v2\/categories?post=25469"},{"taxonomy":"post_tag","embeddable":true,"href":"https:\/\/jornalcorporativo.com.br\/en\/wp-json\/wp\/v2\/tags?post=25469"}],"curies":[{"name":"wp","href":"https:\/\/api.w.org\/{rel}","templated":true}]}}