{"id":25470,"date":"2026-05-01T12:01:35","date_gmt":"2026-05-01T15:01:35","guid":{"rendered":"https:\/\/jornalcorporativo.com.br\/redacao\/guido-schaffer-surfista-santo-homenagem-praia-recreio\/"},"modified":"2026-05-01T12:01:35","modified_gmt":"2026-05-01T15:01:35","slug":"guido-schaffer-surfista-santo-homenagem-praia-recreio","status":"publish","type":"post","link":"https:\/\/jornalcorporativo.com.br\/en\/brasil\/guido-schaffer-surfista-santo-homenagem-praia-recreio\/","title":{"rendered":"Guido Sch\u00e4ffer: O Surfista Santo Homenageado 17 Anos Ap\u00f3s Morte na Praia do Recreio"},"content":{"rendered":"<h2>Legado do M\u00e9dico e Surfista Guido Sch\u00e4ffer Continua Inspirando no Rio de Janeiro<\/h2>\n<p>Neste 1\u00ba de maio, a Praia do Recreio ser\u00e1 palco de uma homenagem especial ao m\u00e9dico e surfista Guido Sch\u00e4ffer, que faleceu afogado em 2009, pouco antes de ser ordenado sacerdote. O evento, que ocorrer\u00e1 das 8h \u00e0s 12h na altura do Posto 11, reunir\u00e1 amigos, familiares e admiradores para celebrar a vida e o legado daquele que ficou conhecido como o &#8220;surfista santo&#8221;.<\/p>\n<p>A programa\u00e7\u00e3o contempla atividades significativas que refletem a f\u00e9 e a paix\u00e3o de Guido pela vida no mar. Ser\u00e1 realizada a b\u00ean\u00e7\u00e3o das pranchas, seguida de uma celebra\u00e7\u00e3o religiosa e, ao final, uma roda de surfistas que entrar\u00e3o no mar em sua mem\u00f3ria. Essas manifesta\u00e7\u00f5es p\u00fablicas evidenciam o impacto duradouro que Sch\u00e4ffer deixou na comunidade carioca e entre os praticantes de surfe.<\/p>\n<h2>O Caminho Rumo \u00e0 Beatifica\u00e7\u00e3o e Canoniza\u00e7\u00e3o<\/h2>\n<p>O reconhecimento de Guido Sch\u00e4ffer transcendeu os limites locais quando, em 2023, o Vaticano lhe concedeu o t\u00edtulo de <strong>vener\u00e1vel<\/strong>. Este \u00e9 um passo importante no processo de canoniza\u00e7\u00e3o, faltando apenas o reconhecimento de um milagre para que ele seja beatificado. Caso esse reconhecimento ocorra, Sch\u00e4ffer poder\u00e1 se tornar o primeiro santo carioca da hist\u00f3ria, um feito de import\u00e2ncia religiosa e cultural significativa para o Rio de Janeiro e para toda a comunidade cat\u00f3lica brasileira.<\/p>\n<h2>Uma Vida Dedicada ao Servi\u00e7o e \u00e0 Espiritualidade<\/h2>\n<p>A hist\u00f3ria de Guido Sch\u00e4ffer \u00e9 marcada por uma combina\u00e7\u00e3o rara de elementos: sua atua\u00e7\u00e3o profissional como m\u00e9dico, seu envolvimento com a\u00e7\u00f5es sociais e sua profunda devo\u00e7\u00e3o religiosa. Essas caracter\u00edsticas o tornaram uma figura emblem\u00e1tica n\u00e3o apenas entre surfistas, mas tamb\u00e9m entre aqueles que buscam inspira\u00e7\u00e3o em hist\u00f3rias de pessoas que dedicam suas vidas ao bem comum e \u00e0 f\u00e9. Sua morte tr\u00e1gica, ocorrida justamente no local onde agora ser\u00e1 homenageado, transformou-o em um s\u00edmbolo de sacrif\u00edcio e devo\u00e7\u00e3o espiritual.<\/p>\n<h2>Reconhecimento Oficial da Mem\u00f3ria<\/h2>\n<p>Recentemente, a Praia do Recreio recebeu oficialmente o nome de Guido Sch\u00e4ffer, consolidando o reconhecimento p\u00fablico de sua import\u00e2ncia para a hist\u00f3ria e a cultura carioca. Este gesto administrativo reflete o respeito e a admira\u00e7\u00e3o que a comunidade local mant\u00e9m por sua mem\u00f3ria, garantindo que futuras gera\u00e7\u00f5es conhe\u00e7am e honrem seu legado.<\/p>\n<h2>O Projeto Cinematogr\u00e1fico que Eternizar\u00e1 sua Hist\u00f3ria<\/h2>\n<p>Parte significativa do legado de Guido Sch\u00e4ffer ganhar\u00e1 visibilidade atrav\u00e9s do cinema. O longa-metragem intitulado &#8220;GUIDO&#8221;, dirigido pelo renomado Jayme Monjardim e estrelado por Danilo Mesquita, encontra-se em produ\u00e7\u00e3o no Rio de Janeiro. A produ\u00e7\u00e3o est\u00e1 prevista para ser lan\u00e7ada em 2027, promovendo uma nova oportunidade para que o p\u00fablico em geral tenha contato com a hist\u00f3ria inspiradora do surfista santo, ampliando ainda mais seu impacto cultural e religioso na sociedade brasileira.<\/p>","protected":false},"excerpt":{"rendered":"<p>Conhe\u00e7a a hist\u00f3ria de Guido Sch\u00e4ffer, o surfista santo homenageado na Praia do Recreio 17 anos ap\u00f3s sua morte. Saiba sobre seu caminho \u00e0 canoniza\u00e7\u00e3o.<\/p>","protected":false},"author":4,"featured_media":25462,"comment_status":"open","ping_status":"open","sticky":false,"template":"","format":"standard","meta":{"_crdt_document":"","footnotes":""},"categories":[36],"tags":[],"class_list":["post-25470","post","type-post","status-publish","format-standard","has-post-thumbnail","hentry","category-brasil"],"brizy_media":[],"_links":{"self":[{"href":"https:\/\/jornalcorporativo.com.br\/en\/wp-json\/wp\/v2\/posts\/25470","targetHints":{"allow":["GET"]}}],"collection":[{"href":"https:\/\/jornalcorporativo.com.br\/en\/wp-json\/wp\/v2\/posts"}],"about":[{"href":"https:\/\/jornalcorporativo.com.br\/en\/wp-json\/wp\/v2\/types\/post"}],"author":[{"embeddable":true,"href":"https:\/\/jornalcorporativo.com.br\/en\/wp-json\/wp\/v2\/users\/4"}],"replies":[{"embeddable":true,"href":"https:\/\/jornalcorporativo.com.br\/en\/wp-json\/wp\/v2\/comments?post=25470"}],"version-history":[{"count":0,"href":"https:\/\/jornalcorporativo.com.br\/en\/wp-json\/wp\/v2\/posts\/25470\/revisions"}],"wp:featuredmedia":[{"embeddable":true,"href":"https:\/\/jornalcorporativo.com.br\/en\/wp-json\/wp\/v2\/media\/25462"}],"wp:attachment":[{"href":"https:\/\/jornalcorporativo.com.br\/en\/wp-json\/wp\/v2\/media?parent=25470"}],"wp:term":[{"taxonomy":"category","embeddable":true,"href":"https:\/\/jornalcorporativo.com.br\/en\/wp-json\/wp\/v2\/categories?post=25470"},{"taxonomy":"post_tag","embeddable":true,"href":"https:\/\/jornalcorporativo.com.br\/en\/wp-json\/wp\/v2\/tags?post=25470"}],"curies":[{"name":"wp","href":"https:\/\/api.w.org\/{rel}","templated":true}]}}