{"id":25475,"date":"2026-05-01T16:01:23","date_gmt":"2026-05-01T19:01:23","guid":{"rendered":"https:\/\/jornalcorporativo.com.br\/redacao\/rodoviaria-rio-215-mil-passageiros-feriado-shakira\/"},"modified":"2026-05-01T16:01:23","modified_gmt":"2026-05-01T19:01:23","slug":"rodoviaria-rio-215-mil-passageiros-feriado-shakira","status":"publish","type":"post","link":"https:\/\/jornalcorporativo.com.br\/en\/brasil\/rodoviaria-rio-215-mil-passageiros-feriado-shakira\/","title":{"rendered":"Rodovi\u00e1ria do Rio espera 215 mil passageiros com feriado e show de Shakira"},"content":{"rendered":"<h2>Movimenta\u00e7\u00e3o recorde na Rodovi\u00e1ria do Rio<\/h2>\n<p>A Rodovi\u00e1ria do Rio de Janeiro registra movimento intenso nesta sexta-feira, com congestionamentos significativos em seu entorno. O fluxo extraordin\u00e1rio de viajantes \u00e9 impulsionado por dois fatores principais: o feriado do Dia do Trabalho e o megashow gratuito da artista colombiana Shakira, que acontece em Copacabana. Somente nos dois \u00faltimos dias, quinta e sexta-feira, espera-se que aproximadamente 80 mil pessoas transitem pelo terminal rodovi\u00e1rio.<\/p>\n<h2>Proje\u00e7\u00f5es de fluxo de passageiros<\/h2>\n<p>Entre quinta-feira e pr\u00f3xima ter\u00e7a-feira, a concession\u00e1ria respons\u00e1vel pelo terminal prev\u00ea a circula\u00e7\u00e3o de mais de 215,8 mil passageiros. Para atender a essa demanda extraordin\u00e1ria, ser\u00e3o operados cerca de 6.700 \u00f4nibus, sendo 1.500 deles \u00f4nibus extras, distribu\u00eddos entre 39 via\u00e7\u00f5es diferentes. Os visitantes prov\u00eam principalmente de estados como S\u00e3o Paulo, Minas Gerais e Bras\u00edlia, al\u00e9m de diversos munic\u00edpios do interior fluminense.<\/p>\n<h2>Orienta\u00e7\u00f5es para deslocamento seguro<\/h2>\n<p>A concession\u00e1ria recomenda que os passageiros que chegam pela Rodovi\u00e1ria do Rio priorizem o uso do transporte p\u00fablico para se deslocarem at\u00e9 o local do evento. O terminal oferece conex\u00f5es estrat\u00e9gicas que facilitam o acesso \u00e0 zona sul da cidade. A partir da Rodovi\u00e1ria, os passageiros podem acessar o VLT atrav\u00e9s da Via Bin\u00e1rio, localizada no lado do desembarque, seguindo posteriormente para a conex\u00e3o com o Metr\u00f4 Rio, que proporciona acesso direto \u00e0 Zona Sul e \u00e0 regi\u00e3o de Copacabana. Esta alternativa garante maior agilidade no deslocamento, especialmente durante per\u00edodos de grande movimenta\u00e7\u00e3o urbana.<\/p>\n<h3>Servi\u00e7os adicionais disponibilizados<\/h3>\n<p>O terminal disp\u00f5e de servi\u00e7o de Guarda Volumes funcionando 24 horas por dia, permitindo que os viajantes deixem suas bagagens com seguran\u00e7a caso necess\u00e1rio. Adicionalmente, a concession\u00e1ria oferece promo\u00e7\u00e3o especial para quem viaja neste per\u00edodo: desconto de 10% nas passagens rodovi\u00e1rias adquiridas atrav\u00e9s do site rodoviariadorio.com.br. Para usufruir deste benef\u00edcio, \u00e9 necess\u00e1rio aplicar o cupom promocional SHAKIRA10 no momento da compra. A oferta \u00e9 v\u00e1lida para todas as compras realizadas at\u00e9 4 de maio.<\/p>\n<h2>Experi\u00eancia cultural na chegada<\/h2>\n<p>Os passageiros que desembarcaram na quinta-feira, entre 7h e 13h, foram recebidos com uma a\u00e7\u00e3o especial que antecipava o clima do evento. A artista Izlene Cristina, conhecida pelo seu trabalho como cover de Shakira, ofereceu uma recep\u00e7\u00e3o calorosa aos viajantes, conectando a experi\u00eancia de chegada ao grande evento que a cidade sedia. Conforme afirmou Roberta Faria, diretora-geral da concession\u00e1ria, a Rodovi\u00e1ria do Rio funciona como principal porta de entrada terrestre da cidade e deve fazer parte dessa experi\u00eancia desde o primeiro momento do visitante. Receber os passageiros com a\u00e7\u00f5es especiais conectadas a eventos dessa relev\u00e2ncia tamb\u00e9m representa uma forma de valorizar o turismo e a cultura local.<\/p>\n<h2>Iniciativas sociais durante o per\u00edodo<\/h2>\n<p>Paralelo aos eventos de grande circula\u00e7\u00e3o, a Rodovi\u00e1ria do Rio iniciou a 26\u00aa edi\u00e7\u00e3o de sua tradicional campanha de arrecada\u00e7\u00e3o de agasalhos. O terminal est\u00e1 recebendo doa\u00e7\u00f5es que ser\u00e3o posteriormente entregues \u00e0 organiza\u00e7\u00e3o A\u00e7\u00e3o da Cidadania. A campanha permanecer\u00e1 ativa at\u00e9 junho, per\u00edodo que coincide com o in\u00edcio da esta\u00e7\u00e3o de inverno no Brasil, quando o n\u00famero de pessoas em situa\u00e7\u00e3o de vulnerabilidade aumenta significativamente.<\/p>","protected":false},"excerpt":{"rendered":"<p>Rodovi\u00e1ria do Rio espera mais de 215 mil passageiros com feriado e show de Shakira. Confira dicas de deslocamento e promo\u00e7\u00f5es especiais.<\/p>","protected":false},"author":4,"featured_media":25474,"comment_status":"open","ping_status":"open","sticky":false,"template":"","format":"standard","meta":{"_crdt_document":"","footnotes":""},"categories":[36],"tags":[],"class_list":["post-25475","post","type-post","status-publish","format-standard","has-post-thumbnail","hentry","category-brasil"],"brizy_media":[],"_links":{"self":[{"href":"https:\/\/jornalcorporativo.com.br\/en\/wp-json\/wp\/v2\/posts\/25475","targetHints":{"allow":["GET"]}}],"collection":[{"href":"https:\/\/jornalcorporativo.com.br\/en\/wp-json\/wp\/v2\/posts"}],"about":[{"href":"https:\/\/jornalcorporativo.com.br\/en\/wp-json\/wp\/v2\/types\/post"}],"author":[{"embeddable":true,"href":"https:\/\/jornalcorporativo.com.br\/en\/wp-json\/wp\/v2\/users\/4"}],"replies":[{"embeddable":true,"href":"https:\/\/jornalcorporativo.com.br\/en\/wp-json\/wp\/v2\/comments?post=25475"}],"version-history":[{"count":0,"href":"https:\/\/jornalcorporativo.com.br\/en\/wp-json\/wp\/v2\/posts\/25475\/revisions"}],"wp:featuredmedia":[{"embeddable":true,"href":"https:\/\/jornalcorporativo.com.br\/en\/wp-json\/wp\/v2\/media\/25474"}],"wp:attachment":[{"href":"https:\/\/jornalcorporativo.com.br\/en\/wp-json\/wp\/v2\/media?parent=25475"}],"wp:term":[{"taxonomy":"category","embeddable":true,"href":"https:\/\/jornalcorporativo.com.br\/en\/wp-json\/wp\/v2\/categories?post=25475"},{"taxonomy":"post_tag","embeddable":true,"href":"https:\/\/jornalcorporativo.com.br\/en\/wp-json\/wp\/v2\/tags?post=25475"}],"curies":[{"name":"wp","href":"https:\/\/api.w.org\/{rel}","templated":true}]}}