{"id":25517,"date":"2026-05-02T12:01:47","date_gmt":"2026-05-02T15:01:47","guid":{"rendered":"https:\/\/jornalcorporativo.com.br\/redacao\/agatha-moreira-figurino-anos-1990-quem-ama-cuida\/"},"modified":"2026-05-02T12:01:47","modified_gmt":"2026-05-02T15:01:47","slug":"agatha-moreira-figurino-anos-1990-quem-ama-cuida","status":"publish","type":"post","link":"https:\/\/jornalcorporativo.com.br\/en\/noticias\/agatha-moreira-figurino-anos-1990-quem-ama-cuida\/","title":{"rendered":"Agatha Moreira usa figurino dos anos 1990 em &#8216;Quem ama cuida&#8217; e sofre transforma\u00e7\u00e3o visual na novela"},"content":{"rendered":"<h2>Figurino retr\u00f4 marca o in\u00edcio da novela &#8216;Quem ama cuida&#8217;<\/h2>\n<p>A novela das 21h da Globo &#8216;Quem ama cuida&#8217; estreia no pr\u00f3ximo dia 18 com uma proposta visual marcante. Agatha Moreira interpreta Ingrid, uma designer de joias que passar\u00e1 por transforma\u00e7\u00f5es visuais significativas ao longo da trama. No in\u00edcio da hist\u00f3ria, a personagem apresenta um <strong>figurino inspirado na d\u00e9cada de 1990<\/strong>, trazendo \u00e0 tona elementos ic\u00f4nicos daquele per\u00edodo.<\/p>\n<h3>Pe\u00e7as caracter\u00edsticas dos anos 1990<\/h3>\n<p>O estilo de Ingrid nas primeiras cenas da novela inclui <strong>blusas que deixam a barriga \u00e0 mostra<\/strong>, slip dress, jaqueta de couro e micro tops. Essas escolhas de figurino estabelecem a personalidade inicial da personagem, refletindo sua idade e momento de vida no come\u00e7o da narrativa. A decis\u00e3o de utilizar refer\u00eancias retr\u00f4 foi cuidadosamente pensada pelas figurinistas respons\u00e1veis pela produ\u00e7\u00e3o.<\/p>\n<h2>Transforma\u00e7\u00e3o do visual ao longo da trama<\/h2>\n<p>Segundo Fl\u00e1via Costa, uma das designers de figurino da novela ao lado de Mari Sued, Ingrid sofrer\u00e1 mudan\u00e7as substanciais em sua apar\u00eancia. <strong>Ap\u00f3s seis anos dentro da trama, a personagem experimentar\u00e1 uma virada grande<\/strong> em seu estilo pessoal. As roupas evoluir\u00e3o para algo bem mais atual e contempor\u00e2neo, adquirindo um ar mais polido e sofisticado que acompanhar\u00e1 seu desenvolvimento como personagem.<\/p>\n<h3>Contexto da trama e conflitos principais<\/h3>\n<p>Ingrid n\u00e3o \u00e9 apenas uma designer de joias, mas tamb\u00e9m uma figura central nos conflitos da novela. A personagem travar\u00e1 uma <strong>disputa de poder com seu primo Tiago<\/strong>, interpretado por Guilherme Ferraz. Ambos trabalham na joalheria de Arthur, papel do veterano Antonio Fagundes, que \u00e9 tio dos dois. Quando Arthur falecer, Tiago assumir\u00e1 inicialmente o comando do neg\u00f3cio, mas Ingrid tentar\u00e1 tomar o controle da empresa, gerando tens\u00f5es e dramas que impulsionam a narrativa.<\/p>\n<h2>Produ\u00e7\u00e3o de alta qualidade<\/h2>\n<p>A novela \u00e9 escrita por Walcyr Carrasco e Claudia Souto, dois renomados autores da televis\u00e3o brasileira. A dire\u00e7\u00e3o art\u00edstica fica a cargo de Amora Mautner, garantindo uma produ\u00e7\u00e3o de excel\u00eancia t\u00e9cnica e criativa. Cada detalhe visual, incluindo o figurino, \u00e9 fundamental para contar a hist\u00f3ria de forma envolvente e cred\u00edvel aos espectadores.<\/p>\n<p>A escolha de come\u00e7ar com um <strong>figurino retr\u00f4 e evoluir para um estilo moderno<\/strong> funciona como met\u00e1fora visual para o crescimento e amadurecimento da personagem. Essa estrat\u00e9gia de figurino reflete as mudan\u00e7as internas e externas que Ingrid passa ao longo da trama, criando uma experi\u00eancia visual coerente para o p\u00fablico que acompanhar\u00e1 a novela diariamente.<\/p>","protected":false},"excerpt":{"rendered":"<p>Agatha Moreira usa figurino dos anos 1990 em &#8216;Quem ama cuida&#8217;. Confira como o visual evoluir\u00e1 durante a novela que estreia no dia 18.<\/p>","protected":false},"author":4,"featured_media":25515,"comment_status":"open","ping_status":"open","sticky":false,"template":"","format":"standard","meta":{"_crdt_document":"","footnotes":""},"categories":[269],"tags":[],"class_list":["post-25517","post","type-post","status-publish","format-standard","has-post-thumbnail","hentry","category-noticias"],"brizy_media":[],"_links":{"self":[{"href":"https:\/\/jornalcorporativo.com.br\/en\/wp-json\/wp\/v2\/posts\/25517","targetHints":{"allow":["GET"]}}],"collection":[{"href":"https:\/\/jornalcorporativo.com.br\/en\/wp-json\/wp\/v2\/posts"}],"about":[{"href":"https:\/\/jornalcorporativo.com.br\/en\/wp-json\/wp\/v2\/types\/post"}],"author":[{"embeddable":true,"href":"https:\/\/jornalcorporativo.com.br\/en\/wp-json\/wp\/v2\/users\/4"}],"replies":[{"embeddable":true,"href":"https:\/\/jornalcorporativo.com.br\/en\/wp-json\/wp\/v2\/comments?post=25517"}],"version-history":[{"count":0,"href":"https:\/\/jornalcorporativo.com.br\/en\/wp-json\/wp\/v2\/posts\/25517\/revisions"}],"wp:featuredmedia":[{"embeddable":true,"href":"https:\/\/jornalcorporativo.com.br\/en\/wp-json\/wp\/v2\/media\/25515"}],"wp:attachment":[{"href":"https:\/\/jornalcorporativo.com.br\/en\/wp-json\/wp\/v2\/media?parent=25517"}],"wp:term":[{"taxonomy":"category","embeddable":true,"href":"https:\/\/jornalcorporativo.com.br\/en\/wp-json\/wp\/v2\/categories?post=25517"},{"taxonomy":"post_tag","embeddable":true,"href":"https:\/\/jornalcorporativo.com.br\/en\/wp-json\/wp\/v2\/tags?post=25517"}],"curies":[{"name":"wp","href":"https:\/\/api.w.org\/{rel}","templated":true}]}}