{"id":25518,"date":"2026-05-02T12:01:49","date_gmt":"2026-05-02T15:01:49","guid":{"rendered":"https:\/\/jornalcorporativo.com.br\/redacao\/vortices-opticos-mais-rapido-luz-descoberta\/"},"modified":"2026-05-02T12:01:49","modified_gmt":"2026-05-02T15:01:49","slug":"vortices-opticos-mais-rapido-luz-descoberta","status":"publish","type":"post","link":"https:\/\/jornalcorporativo.com.br\/en\/noticias\/vortices-opticos-mais-rapido-luz-descoberta\/","title":{"rendered":"Pesquisa Revela que V\u00f3rtices \u00d3pticos se Movem Mais R\u00e1pido que a Luz; Entenda a Descoberta"},"content":{"rendered":"<h2>Uma Descoberta que Desafia o Entendimento Cl\u00e1ssico da F\u00edsica<\/h2>\n<p>Um estudo revolucion\u00e1rio publicado em mar\u00e7o pela renomada revista Nature trouxe uma conclus\u00e3o surpreendente: a \u00fanica coisa mais r\u00e1pida que a luz \u00e9 a pr\u00f3pria escurid\u00e3o. Essa descoberta, conduzida pelo Instituto Tecnol\u00f3gico de Technion-Israel, promete transformar nossa compreens\u00e3o das leis fundamentais do universo e das propriedades ondulat\u00f3rias que permeiam tudo o que nos rodeia.<\/p>\n<h2>O que s\u00e3o V\u00f3rtices \u00d3pticos?<\/h2>\n<p>De acordo com os pesquisadores, pontos escuros conhecidos como <strong>v\u00f3rtices \u00f3pticos<\/strong> ou <strong>singularidades de fase<\/strong> se movimentam com uma velocidade que ultrapassa a da pr\u00f3pria luz. Quando uma onda de luz viaja pelo espa\u00e7o, ela oscila e se torce continuamente. No centro dessa tor\u00e7\u00e3o, algo not\u00e1vel acontece: os picos e vales da onda de luz se cancelam mutuamente, criando manchas escuras que, sob certas condi\u00e7\u00f5es espec\u00edficas, conseguem ultrapassar a pr\u00f3pria onda de luz em termos de velocidade.<\/p>\n<h2>A Pesquisa e suas Implica\u00e7\u00f5es Cient\u00edficas<\/h2>\n<p>O f\u00edsico <strong>Ido Kaminer<\/strong>, que conduziu a pesquisa, afirma que essa descoberta revela leis universais fundamentais da natureza que s\u00e3o compartilhadas por todos os tipos de ondas. Desde as simples ondas sonoras e fluxos de fluidos at\u00e9 sistemas consideravelmente mais complexos, como os supercondutores, essas leis parecem ser universalmente aplic\u00e1veis.<\/p>\n<p>Um aspecto crucial da pesquisa est\u00e1 na compreens\u00e3o de que as singularidades de fase n\u00e3o carregam energia, informa\u00e7\u00e3o ou massa. Isso significa que esses v\u00f3rtices podem se mover em velocidades superluminais sem violar as leis estabelecidas pela <strong>Teoria da Relatividade de Einstein<\/strong>. Os f\u00edsicos ressaltaram em suas publica\u00e7\u00f5es que, ao n\u00e3o carregarem massa, energia ou informa\u00e7\u00e3o, esses v\u00f3rtices n\u00e3o quebram a causalidade nem violam as regras fundamentais da f\u00edsica relativ\u00edstica.<\/p>\n<h2>A Confirma\u00e7\u00e3o de uma Previs\u00e3o Antiga<\/h2>\n<p>Importante destacar que essa conclus\u00e3o n\u00e3o surge do nada. Na verdade, ela confirma uma previs\u00e3o te\u00f3rica que data da d\u00e9cada de 1970, quando cientistas j\u00e1 especulavam sobre a possibilidade de tais fen\u00f4menos. Agora, pela primeira vez, os pesquisadores conseguiram observar experimentalmente o que antes era apenas teoria.<\/p>\n<h2>Metodologia e T\u00e9cnicas Experimentais<\/h2>\n<p>Para alcan\u00e7ar essas conclus\u00f5es revolucion\u00e1rias, os estudiosos constru\u00edram um <strong>sistema de microscopia exclusivo<\/strong> que lhes permitiu observar v\u00f3rtices \u00f3pticos em nitreto de boro hexagonal, uma forma bidimensional de cer\u00e2mica. Esse material especial pode ser utilizado para converter luz em quase-part\u00edculas, chamadas <strong>polaritons<\/strong>, que representam uma mistura h\u00edbrida de luz e mat\u00e9ria.<\/p>\n<p>Os polaritons se movem relativamente devagar em compara\u00e7\u00e3o com a luz tradicional, a aproximadamente 100 vezes mais lentamente que a velocidade da luz. Essa lentid\u00e3o relativa foi crucial para o experimento, permitindo que a equipe observasse, com o aux\u00edlio de telesc\u00f3pios ultrarr\u00e1pidos, como singularidades com cargas opostas se aproximavam e se aceleravam mutuamente a velocidades superluminais, antes de serem aniquiladas.<\/p>\n<h2>Aplica\u00e7\u00f5es Futuras e Potencial de Transforma\u00e7\u00e3o<\/h2>\n<p>A t\u00e9cnica desenvolvida durante esse experimento abre portas para investiga\u00e7\u00f5es futuras de fen\u00f4menos ultrarr\u00e1pidos e microsc\u00f3picos em \u00e1reas que v\u00e3o muito al\u00e9m da f\u00edsica tradicional. Qu\u00edmica, biologia e outras disciplinas cient\u00edficas poder\u00e3o se beneficiar desse avan\u00e7o metodol\u00f3gico. Al\u00e9m disso, os pesquisadores sugerem que o m\u00e9todo pode abrir caminhos completamente novos para a codifica\u00e7\u00e3o de informa\u00e7\u00e3o qu\u00e2ntica em materiais, revolucionando a tecnologia qu\u00e2ntica.<\/p>\n<p>Os resultados tamb\u00e9m demonstram que a t\u00e9cnica \u00e9 eficaz em revelar as leis universais que governam diferentes tipos de ondas e sistemas complexos encontrados na natureza. Essa compreens\u00e3o mais profunda das leis naturais pode ter implica\u00e7\u00f5es profundas para diversas \u00e1reas da ci\u00eancia e tecnologia nos pr\u00f3ximos anos.<\/p>","protected":false},"excerpt":{"rendered":"<p>V\u00f3rtices \u00f3pticos se movem mais r\u00e1pido que a luz, confirma estudo do Technion-Israel. Conhe\u00e7a essa descoberta revolucion\u00e1ria e suas implica\u00e7\u00f5es.<\/p>","protected":false},"author":4,"featured_media":25514,"comment_status":"open","ping_status":"open","sticky":false,"template":"","format":"standard","meta":{"_crdt_document":"","footnotes":""},"categories":[269],"tags":[],"class_list":["post-25518","post","type-post","status-publish","format-standard","has-post-thumbnail","hentry","category-noticias"],"brizy_media":[],"_links":{"self":[{"href":"https:\/\/jornalcorporativo.com.br\/en\/wp-json\/wp\/v2\/posts\/25518","targetHints":{"allow":["GET"]}}],"collection":[{"href":"https:\/\/jornalcorporativo.com.br\/en\/wp-json\/wp\/v2\/posts"}],"about":[{"href":"https:\/\/jornalcorporativo.com.br\/en\/wp-json\/wp\/v2\/types\/post"}],"author":[{"embeddable":true,"href":"https:\/\/jornalcorporativo.com.br\/en\/wp-json\/wp\/v2\/users\/4"}],"replies":[{"embeddable":true,"href":"https:\/\/jornalcorporativo.com.br\/en\/wp-json\/wp\/v2\/comments?post=25518"}],"version-history":[{"count":0,"href":"https:\/\/jornalcorporativo.com.br\/en\/wp-json\/wp\/v2\/posts\/25518\/revisions"}],"wp:featuredmedia":[{"embeddable":true,"href":"https:\/\/jornalcorporativo.com.br\/en\/wp-json\/wp\/v2\/media\/25514"}],"wp:attachment":[{"href":"https:\/\/jornalcorporativo.com.br\/en\/wp-json\/wp\/v2\/media?parent=25518"}],"wp:term":[{"taxonomy":"category","embeddable":true,"href":"https:\/\/jornalcorporativo.com.br\/en\/wp-json\/wp\/v2\/categories?post=25518"},{"taxonomy":"post_tag","embeddable":true,"href":"https:\/\/jornalcorporativo.com.br\/en\/wp-json\/wp\/v2\/tags?post=25518"}],"curies":[{"name":"wp","href":"https:\/\/api.w.org\/{rel}","templated":true}]}}