{"id":25519,"date":"2026-05-02T12:01:49","date_gmt":"2026-05-02T15:01:49","guid":{"rendered":"https:\/\/jornalcorporativo.com.br\/redacao\/surfistas-artico-noruega-ondas-frio-extremo\/"},"modified":"2026-05-02T12:01:49","modified_gmt":"2026-05-02T15:01:49","slug":"surfistas-artico-noruega-ondas-frio-extremo","status":"publish","type":"post","link":"https:\/\/jornalcorporativo.com.br\/en\/noticias\/surfistas-artico-noruega-ondas-frio-extremo\/","title":{"rendered":"Surfistas Desafiam -20\u00b0C no \u00c1rtico da Noruega em Busca das Ondas Perfeitas"},"content":{"rendered":"<p>Quando imaginamos surfe, a cena que vem \u00e0 mente \u00e9 invariavelmente a de praias ensolaradas, \u00e1guas tropicais e ver\u00e3o intermin\u00e1vel. No entanto, no extremo norte da Noruega, uma comunidade de surfistas audaciosos desafia essa percep\u00e7\u00e3o convencional, enfrentando condi\u00e7\u00f5es clim\u00e1ticas extremas para aproveitar as ondas geladas do \u00c1rtico.<\/p>\n<h2>A Experi\u00eancia Gelada do Surfe \u00c1rtico<\/h2>\n<p>Em dezembro, o surfista Dylan Graves, conhecido pela s\u00e9rie de YouTube &#8220;Weird Waves&#8221;, viajou para uma praia isolada no norte da Noruega e vivenciou uma experi\u00eancia que o marcou profundamente. Cercado por neve e gelo, utilizando apenas um espesso traje de neoprene, Graves enfrentou um dos maiores desafios de sua carreira ao tentar recuperar a sensibilidade das m\u00e3os e dos p\u00e9s ap\u00f3s sair da \u00e1gua congelante.<\/p>\n<p>Durante aquele dia memor\u00e1vel, Graves e seus companheiros surfistas enfrentaram os efeitos devastadores de um v\u00f3rtice polar, uma forma\u00e7\u00e3o de baixa press\u00e3o com ar extremamente frio em rota\u00e7\u00e3o cont\u00ednua. A temperatura caiu vertiginosamente de aproximadamente -5\u00b0C para entre -15\u00b0C e -20\u00b0C em quest\u00e3o de minutos. Antes mesmo de chegar ao mar, o grupo precisou caminhar mais de uma hora pela neve, repetindo o trajeto na volta para o carro.<\/p>\n<p>Nascido em Porto Rico e atualmente radicado na Austr\u00e1lia, Graves admitiu \u00e0 CNN estar perigosamente pr\u00f3ximo de sofrer queimaduras causadas pelo frio extremo. Como medida de seguran\u00e7a, ele combinara com os colegas que, caso n\u00e3o recuperasse a sensibilidade em 30 minutos, procuraria atendimento m\u00e9dico imediatamente. Felizmente, a sensa\u00e7\u00e3o retornou durante a longa caminhada de retorno, nos momentos finais das poucas horas de luz dispon\u00edveis em Finnmark nessa \u00e9poca do ano.<\/p>\n<h2>O Inverno como Melhor Esta\u00e7\u00e3o para Surfar<\/h2>\n<p>Para o surfista sueco Tim Latte, esse cen\u00e1rio severo e desafiador representa precisamente o que torna a experi\u00eancia t\u00e3o especial e atraente. Criado em Estocolmo, Latte se apaixonou pelo surfe durante f\u00e9rias em Fuerteventura, nas Ilhas Can\u00e1rias, mas passou anos acreditando que precisaria abandonar a Escandin\u00e1via para encontrar ondas de qualidade.<\/p>\n<p>Durante muito tempo, destinos tradicionais como Austr\u00e1lia, Estados Unidos e Portugal pareciam imprescind\u00edveis para qualquer surfista que desejasse evoluir no esporte. Por\u00e9m, ap\u00f3s explorar extensivamente o Mar B\u00e1ltico e passar mais tempo na costa norueguesa, terra natal de sua m\u00e3e, Latte mudou radicalmente sua perspectiva. Ele percebeu que havia ali um territ\u00f3rio praticamente intocado e repleto de possibilidades.<\/p>\n<p><strong>&#8220;Est\u00e1 tudo praticamente por descobrir&#8221;<\/strong>, afirmou Latte \u00e0 CNN. <strong>&#8220;D\u00e1 para surfar o ano inteiro, mas a melhor altura \u00e9 no inverno.&#8221;<\/strong> Al\u00e9m das ondas poderosas e da aus\u00eancia de multid\u00f5es, a regi\u00e3o oferece uma experi\u00eancia cultural absolutamente singular e enriquecedora.<\/p>\n<h2>A Riqueza Cultural de Finnmark<\/h2>\n<p>A regi\u00e3o de Finnmark abriga a maior popula\u00e7\u00e3o do povo ind\u00edgena Sami da Noruega, cuja tradi\u00e7\u00e3o est\u00e1 profundamente entrela\u00e7ada com a cria\u00e7\u00e3o de renas e um estilo de vida ancestral. Estima-se que aproximadamente 80 mil samis vivam na Lap\u00f4nia, um territ\u00f3rio ancestral que se estende pelo norte da Escandin\u00e1via e pela pen\u00ednsula de Kola, na R\u00fassia.<\/p>\n<p>Graves relata que o contato com essa realidade cultural tornou sua viagem exponencialmente mais significativa. Ao chegar ao Airbnb onde estavam hospedados, os anfitri\u00f5es deixaram um cora\u00e7\u00e3o de rena como presente de boas-vindas, acompanhado por um bilhete sugerindo que o prato combinava perfeitamente com cerveja e batatas fritas. Para o surfista, experi\u00eancias aut\u00eanticas como essa elevam a jornada a um n\u00edvel completamente diferente.<\/p>\n<h2>Surfe como Explora\u00e7\u00e3o do Desconhecido<\/h2>\n<p>Para Graves, o surfe no \u00c1rtico transcende o status de simples esporte, transformando-se em uma forma profunda de se colocar diante do desconhecido e do inesperado. <strong>&#8220;Que outra oportunidade vou ter de apanhar ondas muito boas sem ningu\u00e9m por perto e, ao mesmo tempo, sentir-me completamente fora do meu ambiente normal?&#8221;<\/strong>, questionou \u00e0 CNN, refletindo sobre a singularidade dessa experi\u00eancia.<\/p>\n<p>O surfista conclui que o esporte ensina li\u00e7\u00f5es valiosas sobre vulnerabilidade e descoberta. <strong>&#8220;Muitas vezes estamos quase em outro mundo&#8221;<\/strong>, reflete Graves, capturando a ess\u00eancia do que representa surfar nas condi\u00e7\u00f5es extremas do \u00c1rtico noruegu\u00eas, onde a natureza intocada, a cultura ind\u00edgena e o desafio f\u00edsico convergem para criar uma experi\u00eancia verdadeiramente transformadora e incompar\u00e1vel.<\/p>","protected":false},"excerpt":{"rendered":"<p>Surfistas desafiam -20\u00b0C no \u00c1rtico da Noruega em busca de ondas perfeitas. Conhe\u00e7a a experi\u00eancia extrema de Dylan Graves e Tim Latte.<\/p>","protected":false},"author":4,"featured_media":25516,"comment_status":"open","ping_status":"open","sticky":false,"template":"","format":"standard","meta":{"_crdt_document":"","footnotes":""},"categories":[269],"tags":[],"class_list":["post-25519","post","type-post","status-publish","format-standard","has-post-thumbnail","hentry","category-noticias"],"brizy_media":[],"_links":{"self":[{"href":"https:\/\/jornalcorporativo.com.br\/en\/wp-json\/wp\/v2\/posts\/25519","targetHints":{"allow":["GET"]}}],"collection":[{"href":"https:\/\/jornalcorporativo.com.br\/en\/wp-json\/wp\/v2\/posts"}],"about":[{"href":"https:\/\/jornalcorporativo.com.br\/en\/wp-json\/wp\/v2\/types\/post"}],"author":[{"embeddable":true,"href":"https:\/\/jornalcorporativo.com.br\/en\/wp-json\/wp\/v2\/users\/4"}],"replies":[{"embeddable":true,"href":"https:\/\/jornalcorporativo.com.br\/en\/wp-json\/wp\/v2\/comments?post=25519"}],"version-history":[{"count":0,"href":"https:\/\/jornalcorporativo.com.br\/en\/wp-json\/wp\/v2\/posts\/25519\/revisions"}],"wp:featuredmedia":[{"embeddable":true,"href":"https:\/\/jornalcorporativo.com.br\/en\/wp-json\/wp\/v2\/media\/25516"}],"wp:attachment":[{"href":"https:\/\/jornalcorporativo.com.br\/en\/wp-json\/wp\/v2\/media?parent=25519"}],"wp:term":[{"taxonomy":"category","embeddable":true,"href":"https:\/\/jornalcorporativo.com.br\/en\/wp-json\/wp\/v2\/categories?post=25519"},{"taxonomy":"post_tag","embeddable":true,"href":"https:\/\/jornalcorporativo.com.br\/en\/wp-json\/wp\/v2\/tags?post=25519"}],"curies":[{"name":"wp","href":"https:\/\/api.w.org\/{rel}","templated":true}]}}