{"id":25526,"date":"2026-05-02T16:01:21","date_gmt":"2026-05-02T19:01:21","guid":{"rendered":"https:\/\/jornalcorporativo.com.br\/redacao\/seguranca-show-shakira-copacabana-drones-reconhecimento-facial\/"},"modified":"2026-05-02T16:01:21","modified_gmt":"2026-05-02T19:01:21","slug":"seguranca-show-shakira-copacabana-drones-reconhecimento-facial","status":"publish","type":"post","link":"https:\/\/jornalcorporativo.com.br\/en\/brasil\/seguranca-show-shakira-copacabana-drones-reconhecimento-facial\/","title":{"rendered":"Seguran\u00e7a no Show de Shakira em Copacabana: Drones, Reconhecimento Facial e Detectores de Metal"},"content":{"rendered":"<h2>Esquema de Seguran\u00e7a Robusto para o Megashow de Shakira<\/h2>\n<p>A apresenta\u00e7\u00e3o da cantora Shakira na Praia de Copacabana neste s\u00e1bado promete ser um dos maiores eventos j\u00e1 realizados no Rio de Janeiro, com expectativa de atrair aproximadamente 2 milh\u00f5es de pessoas. Para garantir a seguran\u00e7a do p\u00fablico em uma aglomera\u00e7\u00e3o dessa magnitude, a Prefeitura do Rio de Janeiro e o governo estadual implementaram um esquema de seguran\u00e7a abrangente que utiliza tecnologia de ponta e recursos humanos significativos.<\/p>\n<h2>Tecnologia de Ponta no Monitoramento<\/h2>\n<p>O destaque principal do esquema de seguran\u00e7a s\u00e3o as <strong>c\u00e2meras de reconhecimento facial<\/strong>, uma tecnologia que permite identificar indiv\u00edduos em tempo real. Ser\u00e3o utilizadas mais de 200 c\u00e2meras nos 18 pontos de bloqueio e revista distribu\u00eddos pela \u00e1rea do evento. Das 145 viaturas da Pol\u00edcia Militar, 70 ser\u00e3o equipadas com sistemas de reconhecimento facial, permitindo monitoramento m\u00f3vel em toda a regi\u00e3o.<\/p>\n<p>Complementando esse sistema, a opera\u00e7\u00e3o contar\u00e1 com <strong>seis drones equipados com reconhecimento facial<\/strong> que sobrevoar\u00e3o a \u00e1rea do show, proporcionando vigil\u00e2ncia a\u00e9rea cont\u00ednua. Al\u00e9m dos drones, um helic\u00f3ptero ser\u00e1 posicionado estrategicamente para oferecer perspectiva geral do evento e facilitar comunica\u00e7\u00e3o entre os diferentes grupos de seguran\u00e7a.<\/p>\n<h2>Infraestrutura F\u00edsica e Pontos de Controle<\/h2>\n<p>A infraestrutura de seguran\u00e7a tamb\u00e9m inclui <strong>78 torres de observa\u00e7\u00e3o<\/strong> espalhadas ao longo de toda a \u00e1rea do evento, permitindo monitoramento em m\u00faltiplos \u00e2ngulos. Cinco tendas de apoio ser\u00e3o instaladas na areia, juntamente com oito cabines de refor\u00e7o para opera\u00e7\u00f5es em tempo real. O sistema de c\u00e2meras totalizar\u00e1 aproximadamente 600 equipamentos posicionados estrategicamente.<\/p>\n<p>Os 18 pontos de intercepta\u00e7\u00e3o contar\u00e3o com <strong>detectores de metal<\/strong> e tecnologia de reconhecimento facial integrada, criando um sistema duplo de verifica\u00e7\u00e3o. Esses pontos foram mantidos nos mesmos locais utilizados no ano anterior, facilitando a orienta\u00e7\u00e3o do p\u00fablico que j\u00e1 compareceu a eventos similares.<\/p>\n<h2>Refor\u00e7o de Pessoal e Combate a Furtos<\/h2>\n<p>Comparado ao show de Lady Gaga realizado no ano anterior, o contingente de Pol\u00edcia Militar foi aumentado em 14%. No total, ser\u00e3o mobilizados <strong>7.927 agentes de seguran\u00e7a<\/strong>, sendo 3.700 policiais militares, 1.500 policiais civis, 2.200 guardas municipais, 176 bombeiros, 150 agentes do programa Seguran\u00e7a Presente e 110 agentes da Lei Seca.<\/p>\n<p>Para coibir furtos, especialmente de telefones celulares, a Pol\u00edcia Militar implementar\u00e1 <strong>quatro grupamentos de policiamento de multid\u00e3o<\/strong>, cada um com 16 policiais. Esses grupos circular\u00e3o em linha no meio do p\u00fablico, uma estrat\u00e9gia testada com sucesso durante o r\u00e9veillon anterior e agora duplicada em quantidade para o megashow de Shakira.<\/p>\n<h2>Aprendizados do R\u00e9veillon<\/h2>\n<p>A seguran\u00e7a do show de Shakira segue o modelo de sucesso implementado no r\u00e9veillon, quando foram empregadas quase oito mil pessoas em fun\u00e7\u00f5es similares. A experi\u00eancia adquirida naquela ocasi\u00e3o serviu como base para refinar os procedimentos, ajustar a quantidade de efetivos e otimizar a distribui\u00e7\u00e3o dos recursos tecnol\u00f3gicos.<\/p>\n<p>Este esquema representa uma das opera\u00e7\u00f5es de seguran\u00e7a mais complexas j\u00e1 realizadas em evento p\u00fablico no Rio de Janeiro, combinando vigil\u00e2ncia humana, tecnologia avan\u00e7ada de reconhecimento facial, monitoramento a\u00e9reo e infraestrutura f\u00edsica robusta para garantir que aproximadamente 2 milh\u00f5es de pessoas possam desfrutar do show com seguran\u00e7a.<\/p>","protected":false},"excerpt":{"rendered":"<p>Seguran\u00e7a no show de Shakira em Copacabana: drones, c\u00e2meras faciais, detectores de metal e 7.927 agentes<\/p>","protected":false},"author":4,"featured_media":25523,"comment_status":"open","ping_status":"open","sticky":false,"template":"","format":"standard","meta":{"_crdt_document":"","footnotes":""},"categories":[36],"tags":[],"class_list":["post-25526","post","type-post","status-publish","format-standard","has-post-thumbnail","hentry","category-brasil"],"brizy_media":[],"_links":{"self":[{"href":"https:\/\/jornalcorporativo.com.br\/en\/wp-json\/wp\/v2\/posts\/25526","targetHints":{"allow":["GET"]}}],"collection":[{"href":"https:\/\/jornalcorporativo.com.br\/en\/wp-json\/wp\/v2\/posts"}],"about":[{"href":"https:\/\/jornalcorporativo.com.br\/en\/wp-json\/wp\/v2\/types\/post"}],"author":[{"embeddable":true,"href":"https:\/\/jornalcorporativo.com.br\/en\/wp-json\/wp\/v2\/users\/4"}],"replies":[{"embeddable":true,"href":"https:\/\/jornalcorporativo.com.br\/en\/wp-json\/wp\/v2\/comments?post=25526"}],"version-history":[{"count":0,"href":"https:\/\/jornalcorporativo.com.br\/en\/wp-json\/wp\/v2\/posts\/25526\/revisions"}],"wp:featuredmedia":[{"embeddable":true,"href":"https:\/\/jornalcorporativo.com.br\/en\/wp-json\/wp\/v2\/media\/25523"}],"wp:attachment":[{"href":"https:\/\/jornalcorporativo.com.br\/en\/wp-json\/wp\/v2\/media?parent=25526"}],"wp:term":[{"taxonomy":"category","embeddable":true,"href":"https:\/\/jornalcorporativo.com.br\/en\/wp-json\/wp\/v2\/categories?post=25526"},{"taxonomy":"post_tag","embeddable":true,"href":"https:\/\/jornalcorporativo.com.br\/en\/wp-json\/wp\/v2\/tags?post=25526"}],"curies":[{"name":"wp","href":"https:\/\/api.w.org\/{rel}","templated":true}]}}