{"id":25530,"date":"2026-05-02T20:01:33","date_gmt":"2026-05-02T23:01:33","guid":{"rendered":"https:\/\/jornalcorporativo.com.br\/redacao\/haddad-critica-empate-lula-flavio-bolsonaro-lavagem-cerebral\/"},"modified":"2026-05-02T20:01:33","modified_gmt":"2026-05-02T23:01:33","slug":"haddad-critica-empate-lula-flavio-bolsonaro-lavagem-cerebral","status":"publish","type":"post","link":"https:\/\/jornalcorporativo.com.br\/en\/politica\/haddad-critica-empate-lula-flavio-bolsonaro-lavagem-cerebral\/","title":{"rendered":"Haddad critica empate entre Lula e Fl\u00e1vio Bolsonaro: &#8216;Lavagem cerebral coletiva&#8217;"},"content":{"rendered":"<h2>Cr\u00edtica do ex-ministro ao cen\u00e1rio eleitoral<\/h2>\n<p>O ex-ministro Fernando Haddad, pr\u00e9-candidato ao governo de S\u00e3o Paulo pelo Partido dos Trabalhadores (PT), expressou cr\u00edticas contundentes ao empate t\u00e9cnico verificado nas pesquisas eleitorais entre o presidente Luiz In\u00e1cio Lula da Silva e o senador Fl\u00e1vio Bolsonaro (PL-RJ). Durante discurso proferido na sede da For\u00e7a Sindical em S\u00e3o Paulo, em evento comemorativo ao Dia do Trabalhador, Haddad atribuiu o cen\u00e1rio a uma <strong>&#8220;lavagem cerebral coletiva&#8221;<\/strong>, afirmando que o contraste entre os dois candidatos torna a situa\u00e7\u00e3o inadmiss\u00edvel para a democracia brasileira.<\/p>\n<p>Segundo o ex-ministro, existe um <strong>contraste significativo<\/strong> entre os personagens pol\u00edticos envolvidos na disputa presidencial, o que justificaria uma compara\u00e7\u00e3o mais clara nas inten\u00e7\u00f5es de voto. Para Haddad, o atual cen\u00e1rio representa um desafio c\u00edvico que exige a defesa das prerrogativas dos trabalhadores e da democracia conquistada atrav\u00e9s de lutas hist\u00f3ricas.<\/p>\n<h2>Dados das pesquisas eleitorais<\/h2>\n<p>De acordo com a pesquisa Genial\/Quaest divulgada em abril, Fl\u00e1vio Bolsonaro apresentava 42% das inten\u00e7\u00f5es de voto em um eventual segundo turno presidencial, enquanto Lula registrava 40%. Esta marcou a <strong>primeira ocasi\u00e3o em que Fl\u00e1vio apareceu numericamente \u00e0 frente<\/strong> de seu principal advers\u00e1rio. Contudo, considerando a margem de erro de dois pontos percentuais para mais ou para menos, o resultado configura tecnicamente um empate entre os candidatos.<\/p>\n<h3>Posicionamento de Haddad sobre o cen\u00e1rio pol\u00edtico<\/h3>\n<p>Em suas declara\u00e7\u00f5es, Haddad refor\u00e7ou a import\u00e2ncia de uma <strong>agenda de democracia<\/strong> como prioridade central para as pr\u00f3ximas elei\u00e7\u00f5es. Ele argumentou que a compara\u00e7\u00e3o entre Lula e Fl\u00e1vio Bolsonaro em termos de igualdade nas pesquisas reflete uma distor\u00e7\u00e3o do debate p\u00fablico que prejudica a compreens\u00e3o dos eleitores sobre as diferen\u00e7as substanciais entre os candidatos.<\/p>\n<h2>Cr\u00edticas \u00e0s derrotas do governo no Congresso<\/h2>\n<p>No mesmo evento, Haddad tamb\u00e9m classificou duas recentes derrotas da gest\u00e3o Lula no Congresso Nacional como <strong>&#8220;derrotas no combate \u00e0 corrup\u00e7\u00e3o&#8221;<\/strong>. O ex-ministro referiu-se \u00e0 rejei\u00e7\u00e3o da indica\u00e7\u00e3o de Jorge Messias, Advogado-Geral da Uni\u00e3o, ao Supremo Tribunal Federal (STF), e \u00e0 derrubada do veto presidencial ao projeto de lei sobre Dosimetria.<\/p>\n<p>Haddad argumentou que por tr\u00e1s dessas vota\u00e7\u00f5es no Congresso havia uma <strong>pretens\u00e3o de acordo em torno da impunidade<\/strong> de respons\u00e1veis por esc\u00e2ndalos recentes no Brasil. O ex-ministro lamentou as decis\u00f5es congressuais, caracterizando-as como resultantes da &#8220;desfa\u00e7atez dos criminosos envolvidos&#8221; em diversas irregularidades.<\/p>\n<h3>Defesa da apura\u00e7\u00e3o de responsabilidades<\/h3>\n<p>Segundo Haddad, o desejo fundamental dos cidad\u00e3os comuns \u00e9 que todas as responsabilidades sejam apuradas at\u00e9 o fim. Dessa forma, o ex-ministro interpretou a suposta derrota da indica\u00e7\u00e3o presidencial para o Supremo n\u00e3o como derrota apenas do governo, mas como <strong>derrota de toda a sociedade brasileira<\/strong> no combate \u00e0 corrup\u00e7\u00e3o.<\/p>\n<h2>Participa\u00e7\u00e3o de outras personalidades pol\u00edticas<\/h2>\n<p>O evento contou com a presen\u00e7a da ex-ministra Marina Silva (Rede) e Simone Tebet (PSB), ambas pr\u00e9-candidatas ao Senado. Diferentemente de anos anteriores, as centrais sindicais realizaram eventos menores em suas respectivas sedes ao inv\u00e9s de grandes atos conjuntos, refletindo mudan\u00e7as na organiza\u00e7\u00e3o das comemora\u00e7\u00f5es do Dia do Trabalhador.<\/p>\n<h3>Discuss\u00e3o sobre a chapa paulista<\/h3>\n<p>Questionado sobre a montagem da chapa em S\u00e3o Paulo, tema de disputa interna entre Marina Silva e M\u00e1rcio Fran\u00e7a pela vaga remanescente ao Senado, Haddad destacou que o estado possui <strong>quatro ex-ministros do presidente Lula<\/strong> com vis\u00f5es convergentes de mundo e especificidades pr\u00f3prias. O ex-ministro enfatizou que todos os candidatos apresentam folha de antecedentes limpa, hist\u00f3rico de servi\u00e7os prestados ao pa\u00eds e compromisso com \u00e9tica na pol\u00edtica.<\/p>","protected":false},"excerpt":{"rendered":"<p>Haddad critica empate entre Lula e Fl\u00e1vio Bolsonaro, atribuindo a cen\u00e1rio a &#8216;lavagem cerebral coletiva&#8217; e defendendo combate \u00e0 corrup\u00e7\u00e3o.<\/p>","protected":false},"author":4,"featured_media":25528,"comment_status":"open","ping_status":"open","sticky":false,"template":"","format":"standard","meta":{"_crdt_document":"","footnotes":""},"categories":[7],"tags":[],"class_list":["post-25530","post","type-post","status-publish","format-standard","has-post-thumbnail","hentry","category-politica"],"brizy_media":[],"_links":{"self":[{"href":"https:\/\/jornalcorporativo.com.br\/en\/wp-json\/wp\/v2\/posts\/25530","targetHints":{"allow":["GET"]}}],"collection":[{"href":"https:\/\/jornalcorporativo.com.br\/en\/wp-json\/wp\/v2\/posts"}],"about":[{"href":"https:\/\/jornalcorporativo.com.br\/en\/wp-json\/wp\/v2\/types\/post"}],"author":[{"embeddable":true,"href":"https:\/\/jornalcorporativo.com.br\/en\/wp-json\/wp\/v2\/users\/4"}],"replies":[{"embeddable":true,"href":"https:\/\/jornalcorporativo.com.br\/en\/wp-json\/wp\/v2\/comments?post=25530"}],"version-history":[{"count":0,"href":"https:\/\/jornalcorporativo.com.br\/en\/wp-json\/wp\/v2\/posts\/25530\/revisions"}],"wp:featuredmedia":[{"embeddable":true,"href":"https:\/\/jornalcorporativo.com.br\/en\/wp-json\/wp\/v2\/media\/25528"}],"wp:attachment":[{"href":"https:\/\/jornalcorporativo.com.br\/en\/wp-json\/wp\/v2\/media?parent=25530"}],"wp:term":[{"taxonomy":"category","embeddable":true,"href":"https:\/\/jornalcorporativo.com.br\/en\/wp-json\/wp\/v2\/categories?post=25530"},{"taxonomy":"post_tag","embeddable":true,"href":"https:\/\/jornalcorporativo.com.br\/en\/wp-json\/wp\/v2\/tags?post=25530"}],"curies":[{"name":"wp","href":"https:\/\/api.w.org\/{rel}","templated":true}]}}