{"id":25531,"date":"2026-05-02T20:01:33","date_gmt":"2026-05-02T23:01:33","guid":{"rendered":"https:\/\/jornalcorporativo.com.br\/redacao\/todo-mundo-no-rio-2026-shakira-programacao-atracao\/"},"modified":"2026-05-02T20:01:33","modified_gmt":"2026-05-02T23:01:33","slug":"todo-mundo-no-rio-2026-shakira-programacao-atracao","status":"publish","type":"post","link":"https:\/\/jornalcorporativo.com.br\/en\/esportes\/todo-mundo-no-rio-2026-shakira-programacao-atracao\/","title":{"rendered":"Todo Mundo no Rio 2026: Programa\u00e7\u00e3o Completa do Show de Shakira em Copacabana"},"content":{"rendered":"<h2>Um Espet\u00e1culo Musical na Praia de Copacabana<\/h2>\n<p>O evento &#8220;Todo Mundo no Rio&#8221; promete ser um dos maiores encontros musicais do Rio de Janeiro em 2026, com a apresenta\u00e7\u00e3o da famosa cantora colombiana Shakira como atra\u00e7\u00e3o principal. O show acontecer\u00e1 na Praia de Copacabana, na Zona Sul da cidade, e deve reunir mais de 2 milh\u00f5es de pessoas, segundo estimativas da organiza\u00e7\u00e3o do evento.<\/p>\n<h2>Programa\u00e7\u00e3o Completa com Hor\u00e1rios<\/h2>\n<p>O evento conta com uma programa\u00e7\u00e3o diversificada que come\u00e7a bem antes da apresenta\u00e7\u00e3o de Shakira. Confira os hor\u00e1rios das atra\u00e7\u00f5es confirmadas:<\/p>\n<p><strong>17h45<\/strong> &#8211; Show de abertura com Vintage Culture, um dos DJs brasileiros mais consolidados no circuito internacional;<\/p>\n<p><strong>19h<\/strong> &#8211; Apresenta\u00e7\u00e3o do DJ Maz, artista carioca que vem ganhando proje\u00e7\u00e3o global;<\/p>\n<p><strong>21h45<\/strong> &#8211; Show principal de Shakira, a estrela do evento;<\/p>\n<p><strong>0h15<\/strong> &#8211; P\u00f3s-show com o DJ Papatinho acompanhado pela cantora Melody como convidada especial.<\/p>\n<h2>Os Artistas: Vintage Culture<\/h2>\n<p>Vintage Culture, nome art\u00edstico de Lukas Ruiz, \u00e9 hoje um dos DJs mais consolidados da cena eletr\u00f4nica brasileira. O artista sul-mato-grossense conquistou milh\u00f5es de ouvintes nas plataformas de streaming e \u00e9 frequentemente presen\u00e7a garantida em grandes festivais internacionais, incluindo o renomado Coachella. Em 2021, figurou entre os artistas mais ouvidos do mundo, segundo o 1001Tracklists. Suas faixas como &#8220;Slow Down&#8221; foram fundamentais para impulsionar sua carreira para al\u00e9m das pistas de dan\u00e7a.<\/p>\n<h2>Maz: A Mistura de Ritmos Brasileiros<\/h2>\n<p><strong>Maz<\/strong>, nome art\u00edstico de Thomaz Prado, \u00e9 um DJ carioca que se destaca pela mistura criativa entre house, afro house e refer\u00eancias musicais brasileiras como samba, bai\u00e3o e MPB. Sua proje\u00e7\u00e3o internacional cresceu significativamente, tendo integrado o line-up do Coachella em 2024. O artista \u00e9 conhecido especialmente pelo remix de &#8220;Banho de Folhas&#8221;, de Luedji Luna, que conquistou pistas de dan\u00e7a em todo o mundo.<\/p>\n<h2>DJ Papatinho e Melody no P\u00f3s-Show<\/h2>\n<p>O DJ Papatinho \u00e9 uma figura importante da m\u00fasica eletr\u00f4nica brasileira, apesar de n\u00e3o ser cantor. Ele acumula colabora\u00e7\u00f5es com artistas renomados como Anitta e Snoop Dogg. Recentemente, lan\u00e7ou um remix com Shakira chamado &#8220;Estoy Aqu\u00ed&#8221; em 2025. Entre suas produ\u00e7\u00f5es mais famosas est\u00e3o &#8220;Onda Diferente&#8221; (com Anitta, Ludmilla e Snoop Dogg) e &#8220;Sem Convite&#8221;.<\/p>\n<p>Melody, convidada especial para o p\u00f3s-show, \u00e9 dona de diversos sucessos como &#8220;Jet Ski&#8221;, que foi um hit do Carnaval 2026. Sua participa\u00e7\u00e3o promete encerrar o evento de forma memor\u00e1vel.<\/p>\n<h2>Seguran\u00e7a e Infraestrutura do Evento<\/h2>\n<p>O evento contar\u00e1 com <strong>seguran\u00e7a de n\u00edvel internacional<\/strong>, compar\u00e1vel \u00e0 do R\u00e9veillon do Rio. A organiza\u00e7\u00e3o mobilizar\u00e1 quase oito mil agentes de seguran\u00e7a, 78 torres de observa\u00e7\u00e3o, 600 c\u00e2meras, drones e helic\u00f3pteros para garantir a seguran\u00e7a de todos os presentes.<\/p>\n<h2>Um Evento Hist\u00f3rico para o Rio<\/h2>\n<p>Com mais de 2 milh\u00f5es de pessoas esperadas, o &#8220;Todo Mundo no Rio 2026&#8221; se consolida como um dos maiores espet\u00e1culos musicais da cidade. A programa\u00e7\u00e3o diversificada, que mescla eletr\u00f4nico, samba e pop internacional, promete agradar a diferentes p\u00fablicos e criar um momento inesquec\u00edvel na hist\u00f3ria cultural do Rio de Janeiro.<\/p>","protected":false},"excerpt":{"rendered":"<p>Programa\u00e7\u00e3o completa do show de Shakira no Rio 2026. Confira hor\u00e1rios, atra\u00e7\u00f5es e informa\u00e7\u00f5es do evento em Copacabana.<\/p>","protected":false},"author":4,"featured_media":25529,"comment_status":"open","ping_status":"open","sticky":false,"template":"","format":"standard","meta":{"_crdt_document":"","footnotes":""},"categories":[6],"tags":[],"class_list":["post-25531","post","type-post","status-publish","format-standard","has-post-thumbnail","hentry","category-esportes"],"brizy_media":[],"_links":{"self":[{"href":"https:\/\/jornalcorporativo.com.br\/en\/wp-json\/wp\/v2\/posts\/25531","targetHints":{"allow":["GET"]}}],"collection":[{"href":"https:\/\/jornalcorporativo.com.br\/en\/wp-json\/wp\/v2\/posts"}],"about":[{"href":"https:\/\/jornalcorporativo.com.br\/en\/wp-json\/wp\/v2\/types\/post"}],"author":[{"embeddable":true,"href":"https:\/\/jornalcorporativo.com.br\/en\/wp-json\/wp\/v2\/users\/4"}],"replies":[{"embeddable":true,"href":"https:\/\/jornalcorporativo.com.br\/en\/wp-json\/wp\/v2\/comments?post=25531"}],"version-history":[{"count":0,"href":"https:\/\/jornalcorporativo.com.br\/en\/wp-json\/wp\/v2\/posts\/25531\/revisions"}],"wp:featuredmedia":[{"embeddable":true,"href":"https:\/\/jornalcorporativo.com.br\/en\/wp-json\/wp\/v2\/media\/25529"}],"wp:attachment":[{"href":"https:\/\/jornalcorporativo.com.br\/en\/wp-json\/wp\/v2\/media?parent=25531"}],"wp:term":[{"taxonomy":"category","embeddable":true,"href":"https:\/\/jornalcorporativo.com.br\/en\/wp-json\/wp\/v2\/categories?post=25531"},{"taxonomy":"post_tag","embeddable":true,"href":"https:\/\/jornalcorporativo.com.br\/en\/wp-json\/wp\/v2\/tags?post=25531"}],"curies":[{"name":"wp","href":"https:\/\/api.w.org\/{rel}","templated":true}]}}