{"id":25537,"date":"2026-05-03T00:01:27","date_gmt":"2026-05-03T03:01:27","guid":{"rendered":"https:\/\/jornalcorporativo.com.br\/redacao\/romeu-zema-critica-lula-tadalazema-presidencial\/"},"modified":"2026-05-03T00:01:27","modified_gmt":"2026-05-03T03:01:27","slug":"romeu-zema-critica-lula-tadalazema-presidencial","status":"publish","type":"post","link":"https:\/\/jornalcorporativo.com.br\/en\/politica\/romeu-zema-critica-lula-tadalazema-presidencial\/","title":{"rendered":"Romeu Zema critica pol\u00edtica econ\u00f4mica de Lula e faz trocadilho com medicamento em campanha presidencial"},"content":{"rendered":"<h2>Cr\u00edtica \u00e0 gest\u00e3o econ\u00f4mica de Lula<\/h2>\n<p>O ex-governador de Minas Gerais Romeu Zema, pr\u00e9-candidato \u00e0 Presid\u00eancia da Rep\u00fablica pelo partido Novo, utilizou uma estrat\u00e9gia ret\u00f3rica provocadora para criticar as pol\u00edticas econ\u00f4micas implementadas pelo presidente Luiz In\u00e1cio Lula da Silva ao longo de seus tr\u00eas mandatos no Pal\u00e1cio do Planalto. Durante entrevista concedida ao podcast &#8220;Intelig\u00eancia Ltda&#8221; nesta sexta-feira, Zema comparou a gest\u00e3o econ\u00f4mica petista aos efeitos colaterais do uso indiscriminado de anabolizantes.<\/p>\n<p>Segundo o mineiro, Lula &#8220;anabolizou&#8221; a economia do pa\u00eds at\u00e9 torn\u00e1-la &#8220;impotente&#8221;, estabelecendo uma analogia com as consequ\u00eancias fisiol\u00f3gicas do uso descontrolado de subst\u00e2ncias anabolizantes. A declara\u00e7\u00e3o buscava evidenciar, de forma provocadora, como pol\u00edticas que proporcionariam crescimento inicial resultariam em problemas estruturais posteriores na economia nacional.<\/p>\n<h2>Posicionamento pol\u00edtico de Zema<\/h2>\n<p>Durante a entrevista, Zema refor\u00e7ou sua posi\u00e7\u00e3o cr\u00edtica ao presidente petista, classificando-o como um &#8220;populista&#8221; e &#8220;demagogo&#8221;. O pr\u00e9-candidato argumentou que Lula teve todas as oportunidades necess\u00e1rias para implementar reformas estruturais no Brasil, mas n\u00e3o aproveitou o per\u00edodo de seus mandatos anteriores para realizar as transforma\u00e7\u00f5es necess\u00e1rias.<\/p>\n<p>A estrat\u00e9gia de comunica\u00e7\u00e3o de Zema inclui compara\u00e7\u00f5es diretas entre a gest\u00e3o econ\u00f4mica federal e os problemas de sa\u00fade causados pelo uso descontrolado de anabolizantes. Ele mencionou especificamente problemas card\u00edacos, hep\u00e1ticos, circulat\u00f3rios, na tireoide e de disfun\u00e7\u00e3o sexual como met\u00e1foras para os impactos negativos das pol\u00edticas econ\u00f4micas que critica.<\/p>\n<h2>O trocadilho do &#8220;Tadalazema&#8221;<\/h2>\n<p>Ao ser questionado se Lula &#8220;deixou o Brasil impotente&#8221;, Zema aproveitou para sugerir que poderia ser o &#8220;rem\u00e9dio&#8221; necess\u00e1rio para resolver o problema. O pr\u00e9-candidato ent\u00e3o realizou um trocadilho criativo com o nome do medicamento Tadalafila, utilizado para tratamento da disfun\u00e7\u00e3o er\u00e9til e hiperplasia prost\u00e1tica benigna em homens adultos.<\/p>\n<p>A frase &#8220;Tadalazema. T\u00e1 vendo? J\u00e1 temos um medicamento para o Brasil&#8221; se tornou viral nas redes sociais do pol\u00edtico mineiro, demonstrando uma estrat\u00e9gia de comunica\u00e7\u00e3o que busca combinar cr\u00edtica pol\u00edtica com humor e leveza na abordagem de quest\u00f5es econ\u00f4micas complexas.<\/p>\n<h2>Cen\u00e1rio da disputa presidencial<\/h2>\n<p>Romeu Zema deixou o governo de Minas Gerais em mar\u00e7o deste ano, permitindo que o ent\u00e3o vice-governador Mateus Sim\u00f5es, do PSD, assumisse o cargo. Essa transi\u00e7\u00e3o foi necess\u00e1ria para que Zema pudesse se dedicar integralmente \u00e0 sua pr\u00e9-campanha presidencial.<\/p>\n<p>Conforme a \u00faltima pesquisa realizada pela Genial\/Quaest em abril, Zema apareceu com 36% das inten\u00e7\u00f5es de voto em um eventual segundo turno contra Lula, que marcou 43%. Embora ainda exista dist\u00e2ncia entre os candidatos, representa a menor margem entre eles em compara\u00e7\u00e3o com sondagens anteriores. Em dezembro de 2025, a diferen\u00e7a era de 12 pontos percentuais, chegando a 15 em janeiro, mas come\u00e7ou a reduzir nas divulga\u00e7\u00f5es mensais seguintes.<\/p>\n<p>Em um primeiro turno, contudo, a situa\u00e7\u00e3o \u00e9 mais desfavor\u00e1vel para Zema. O mineiro aparece apenas na quarta coloca\u00e7\u00e3o com 6% das inten\u00e7\u00f5es de voto. Lula lidera com 37%, seguido pelo senador Fl\u00e1vio Bolsonaro com 32% e pelo ex-governador de Goi\u00e1s Ronaldo Caiado, que tamb\u00e9m marca 6%.<\/p>\n<h2>Estrat\u00e9gia de comunica\u00e7\u00e3o digital<\/h2>\n<p>Nas \u00faltimas semanas, Romeu Zema intensificou sua presen\u00e7a nas redes sociais atrav\u00e9s de uma s\u00e9rie de v\u00eddeos contendo cr\u00edticas diretas aos ministros do Supremo Tribunal Federal. A s\u00e9rie, denominada &#8220;os intoc\u00e1veis&#8221;, utiliza tecnologia de intelig\u00eancia artificial para criar s\u00e1tiras contra os magistrados, com especial foco em Gilmar Mendes, representado como um fantoche.<\/p>","protected":false},"excerpt":{"rendered":"<p>Romeu Zema critica economia de Lula com compara\u00e7\u00e3o a anabolizantes e prop\u00f5e &#8216;Tadalazema&#8217; como solu\u00e7\u00e3o para Brasil<\/p>","protected":false},"author":4,"featured_media":25532,"comment_status":"open","ping_status":"open","sticky":false,"template":"","format":"standard","meta":{"_crdt_document":"","footnotes":""},"categories":[7],"tags":[],"class_list":["post-25537","post","type-post","status-publish","format-standard","has-post-thumbnail","hentry","category-politica"],"brizy_media":[],"_links":{"self":[{"href":"https:\/\/jornalcorporativo.com.br\/en\/wp-json\/wp\/v2\/posts\/25537","targetHints":{"allow":["GET"]}}],"collection":[{"href":"https:\/\/jornalcorporativo.com.br\/en\/wp-json\/wp\/v2\/posts"}],"about":[{"href":"https:\/\/jornalcorporativo.com.br\/en\/wp-json\/wp\/v2\/types\/post"}],"author":[{"embeddable":true,"href":"https:\/\/jornalcorporativo.com.br\/en\/wp-json\/wp\/v2\/users\/4"}],"replies":[{"embeddable":true,"href":"https:\/\/jornalcorporativo.com.br\/en\/wp-json\/wp\/v2\/comments?post=25537"}],"version-history":[{"count":0,"href":"https:\/\/jornalcorporativo.com.br\/en\/wp-json\/wp\/v2\/posts\/25537\/revisions"}],"wp:featuredmedia":[{"embeddable":true,"href":"https:\/\/jornalcorporativo.com.br\/en\/wp-json\/wp\/v2\/media\/25532"}],"wp:attachment":[{"href":"https:\/\/jornalcorporativo.com.br\/en\/wp-json\/wp\/v2\/media?parent=25537"}],"wp:term":[{"taxonomy":"category","embeddable":true,"href":"https:\/\/jornalcorporativo.com.br\/en\/wp-json\/wp\/v2\/categories?post=25537"},{"taxonomy":"post_tag","embeddable":true,"href":"https:\/\/jornalcorporativo.com.br\/en\/wp-json\/wp\/v2\/tags?post=25537"}],"curies":[{"name":"wp","href":"https:\/\/api.w.org\/{rel}","templated":true}]}}