{"id":25539,"date":"2026-05-03T00:01:27","date_gmt":"2026-05-03T03:01:27","guid":{"rendered":"https:\/\/jornalcorporativo.com.br\/redacao\/ambulante-virou-vip-show-copacabana-historia-taina\/"},"modified":"2026-05-03T00:01:27","modified_gmt":"2026-05-03T03:01:27","slug":"ambulante-virou-vip-show-copacabana-historia-taina","status":"publish","type":"post","link":"https:\/\/jornalcorporativo.com.br\/en\/brasil\/ambulante-virou-vip-show-copacabana-historia-taina\/","title":{"rendered":"De ambulante a VIP: a hist\u00f3ria inspiradora de Tain\u00e1 que virou atra\u00e7\u00e3o nos shows de Copacabana"},"content":{"rendered":"<h2>Uma trajet\u00f3ria improv\u00e1vel nas areias de Copacabana<\/h2>\n<p>Moradora da Rocinha, Tain\u00e1 Alves de Freitas, de 36 anos, acumula hist\u00f3rias not\u00e1veis em sua rotina como ambulante na Praia de Copacabana. Entre as diversas experi\u00eancias vividas vendendo produtos na areia, uma em particular transformou sua noite de trabalho em um momento inesquec\u00edvel que mudaria sua perspectiva sobre os eventos realizados na regi\u00e3o.<\/p>\n<p>Respons\u00e1vel por criar seus seis filhos, Tain\u00e1 trabalha como ambulante e tamb\u00e9m atua em festas e eventos diversos. Sua dedica\u00e7\u00e3o ao trabalho e seu bom humor caracterizam sua presen\u00e7a nas praias cariocas, onde enfrenta diariamente os desafios de quem vive da comercializa\u00e7\u00e3o informal.<\/p>\n<h2>O encontro que transformou tudo no show de Madonna<\/h2>\n<p>Durante o show de Madonna em 2024, Tain\u00e1 estava em seu trabalho habitual: vendendo \u00e1gua para os espectadores que passavam pela praia. Naquela noite espec\u00edfica, por\u00e9m, a organiza\u00e7\u00e3o do evento oferecia \u00e1gua gratuitamente ao p\u00fablico, o que naturalmente impactava suas vendas.<\/p>\n<p><strong>Um produtor do evento reconheceu a situa\u00e7\u00e3o dif\u00edcil<\/strong> em que Tain\u00e1 se encontrava. Ap\u00f3s observ\u00e1-la gritando para tentar vender \u00e1gua por mais de duas horas sem sucesso, o produtor se aproximou com uma proposta generosa. Ofereceu uma pulseira que lhe permitiria acessar a \u00e1rea VIP do show, possibilitando que desfrutasse da apresenta\u00e7\u00e3o em vez de continuar tentando vender sem \u00eaxito.<\/p>\n<p>Tain\u00e1 aceitou a oportunidade e vivenciou uma experi\u00eancia completamente diferente daquela que havia planejado para aquela noite. Na \u00e1rea VIP, circulou entre diversos artistas famosos e aproveitou o momento para tirar fotos com celebridades como Isis Valverde e Alexandre Nero, al\u00e9m de outros artistas presentes no evento.<\/p>\n<h2>Continuando a hist\u00f3ria em novos eventos<\/h2>\n<p>A experi\u00eancia no show de Madonna deixou marcas positivas na vida de Tain\u00e1. Neste s\u00e1bado, durante a apresenta\u00e7\u00e3o de Shakira no Rio de Janeiro, ela voltou ao trabalho em Copacabana, credenciada para atuar pr\u00f3ximo ao palco montado na altura do Copacabana Palace. Mesmo retornando \u00e0 sua fun\u00e7\u00e3o como ambulante, Tain\u00e1 carrega consigo a lembran\u00e7a daquela noite especial e mant\u00e9m a esperan\u00e7a de que este show tamb\u00e9m lhe reserve momentos memor\u00e1veis.<\/p>\n<p><strong>Sua hist\u00f3ria representa mais do que um encontro casual<\/strong> entre um produtor generoso e uma vendedora dedicada. Ela simboliza as oportunidades inesperadas que podem surgir nos momentos mais desafiadores, e como pequenos gestos de bondade podem transformar completamente a experi\u00eancia de uma pessoa.<\/p>\n<h2>Distribui\u00e7\u00e3o de \u00e1gua nos grandes eventos de Copacabana<\/h2>\n<p>Reconhecendo a import\u00e2ncia da hidrata\u00e7\u00e3o para o p\u00fablico que comparece aos eventos em massa, a Cedae preparou uma a\u00e7\u00e3o especial para o show de Shakira. Das 10h \u00e0s 13h30, bicicletas-pipa circular\u00e3o em frente ao Copacabana Palace distribuindo \u00e1gua gratuitamente.<\/p>\n<p>A partir das 15h, dois pontos fixos entram em funcionamento: um perto do palco, na altura da Rua Duvivier, e outro entre as avenidas Prado J\u00fanior e Princesa Isabel. A distribui\u00e7\u00e3o de \u00e1gua continuar\u00e1 at\u00e9 as 2h de domingo, garantindo que o p\u00fablico tenha acesso \u00e0 hidrata\u00e7\u00e3o durante todo o per\u00edodo do evento.<\/p>\n<p>Segundo informa\u00e7\u00f5es da companhia, caminh\u00f5es-pipa ser\u00e3o respons\u00e1veis por reabastecer mais de 100 bombonas ao longo do evento. A \u00e1gua prov\u00e9m da Esta\u00e7\u00e3o de Tratamento do Guandu, em Nova Igua\u00e7u, e passa por monitoramento rigoroso de um laborat\u00f3rio m\u00f3vel para garantir sua qualidade.<\/p>\n<p><strong>Este modelo de distribui\u00e7\u00e3o j\u00e1 se provou eficaz<\/strong> em grandes eventos anteriores realizados na cidade. No show de Madonna em 2024, foram distribu\u00eddos 50 mil litros de \u00e1gua. Lady Gaga contou com 40 mil litros distribu\u00eddos em seu apresenta\u00e7\u00e3o em 2025. J\u00e1 no carnaval deste ano, mais de 600 mil litros foram oferecidos gratuitamente \u00e0 popula\u00e7\u00e3o.<\/p>","protected":false},"excerpt":{"rendered":"<p>Conhe\u00e7a a hist\u00f3ria inspiradora de Tain\u00e1, ambulante da Rocinha que virou VIP no show de Madonna em Copacabana e continua trabalhando nos eventos.<\/p>","protected":false},"author":4,"featured_media":25535,"comment_status":"open","ping_status":"open","sticky":false,"template":"","format":"standard","meta":{"_crdt_document":"","footnotes":""},"categories":[36],"tags":[],"class_list":["post-25539","post","type-post","status-publish","format-standard","has-post-thumbnail","hentry","category-brasil"],"brizy_media":[],"_links":{"self":[{"href":"https:\/\/jornalcorporativo.com.br\/en\/wp-json\/wp\/v2\/posts\/25539","targetHints":{"allow":["GET"]}}],"collection":[{"href":"https:\/\/jornalcorporativo.com.br\/en\/wp-json\/wp\/v2\/posts"}],"about":[{"href":"https:\/\/jornalcorporativo.com.br\/en\/wp-json\/wp\/v2\/types\/post"}],"author":[{"embeddable":true,"href":"https:\/\/jornalcorporativo.com.br\/en\/wp-json\/wp\/v2\/users\/4"}],"replies":[{"embeddable":true,"href":"https:\/\/jornalcorporativo.com.br\/en\/wp-json\/wp\/v2\/comments?post=25539"}],"version-history":[{"count":0,"href":"https:\/\/jornalcorporativo.com.br\/en\/wp-json\/wp\/v2\/posts\/25539\/revisions"}],"wp:featuredmedia":[{"embeddable":true,"href":"https:\/\/jornalcorporativo.com.br\/en\/wp-json\/wp\/v2\/media\/25535"}],"wp:attachment":[{"href":"https:\/\/jornalcorporativo.com.br\/en\/wp-json\/wp\/v2\/media?parent=25539"}],"wp:term":[{"taxonomy":"category","embeddable":true,"href":"https:\/\/jornalcorporativo.com.br\/en\/wp-json\/wp\/v2\/categories?post=25539"},{"taxonomy":"post_tag","embeddable":true,"href":"https:\/\/jornalcorporativo.com.br\/en\/wp-json\/wp\/v2\/tags?post=25539"}],"curies":[{"name":"wp","href":"https:\/\/api.w.org\/{rel}","templated":true}]}}