{"id":25544,"date":"2026-05-03T04:01:20","date_gmt":"2026-05-03T07:01:20","guid":{"rendered":"https:\/\/jornalcorporativo.com.br\/redacao\/chuvas-pernambuco-seis-mortos-desabrigados\/"},"modified":"2026-05-03T04:01:20","modified_gmt":"2026-05-03T07:01:20","slug":"chuvas-pernambuco-seis-mortos-desabrigados","status":"publish","type":"post","link":"https:\/\/jornalcorporativo.com.br\/en\/brasil\/chuvas-pernambuco-seis-mortos-desabrigados\/","title":{"rendered":"Chuvas em Pernambuco: Sobe para 6 o n\u00famero de mortos e mais de 2,6 mil desabrigados"},"content":{"rendered":"<h2>Trag\u00e9dia em Pernambuco: Seis mortes confirmadas por chuvas intensas<\/h2>\n<p>O n\u00famero de v\u00edtimas fatais causadas pelas <strong>fortes chuvas em Pernambuco<\/strong> subiu para seis, de acordo com o balan\u00e7o mais recente divulgado pela Defesa Civil do estado. A situa\u00e7\u00e3o cr\u00edtica tamb\u00e9m deixou <strong>1.605 pessoas desabrigadas<\/strong> e outras <strong>1.089 desalojadas<\/strong>, evidenciando o grave impacto ambiental nas comunidades pernambucanas.<\/p>\n<h2>\u00daltimas v\u00edtimas contabilizadas<\/h2>\n<p>A sexta v\u00edtima confirmada foi um <strong>homem de 34 anos<\/strong> que morreu afogado durante uma inunda\u00e7\u00e3o em S\u00e3o Louren\u00e7o da Mata, na Regi\u00e3o Metropolitana. Segundo informa\u00e7\u00f5es do Corpo de Bombeiros, ele estava desaparecido desde a noite de sexta-feira (1\u00ba) e foi localizado nas \u00e1guas da enchente.<\/p>\n<h3>Trag\u00e9dia em Olinda e regi\u00e3o metropolitana<\/h3>\n<p>Em Olinda, uma <strong>jovem de 20 anos e seu filho, um beb\u00ea de 6 meses<\/strong>, perderam suas vidas ap\u00f3s serem soterrados em um deslizamento de terra no bairro do Passarinho. O incidente ilustra a vulnerabilidade das fam\u00edlias que vivem em \u00e1reas de risco durante per\u00edodos de precipita\u00e7\u00e3o intensa.<\/p>\n<h3>Desastre no Recife com perda de vidas<\/h3>\n<p>No bairro de Dois Unidos, na Zona Norte do Recife, uma <strong>m\u00e3e e seu filho<\/strong>, identificados como Jaqueline Soares da Silva, de 24 anos, e Riquelmy, de 6 anos, faleceram ap\u00f3s o desmoronamento de uma barreira. O pai da crian\u00e7a e a outra filha do casal, de um ano de idade, foram resgatados e encaminhados para uma Unidade de Pronto Atendimento (UPA). Enquanto o pai apresentava quadro est\u00e1vel, a outra filha infelizmente n\u00e3o resistiu aos ferimentos e faleceu no hospital.<\/p>\n<h3>Mais um deslizamento no bairro Passarinho<\/h3>\n<p>No bairro Passarinho, em uma \u00e1rea lim\u00edtrofe entre Recife e Olinda, outra fam\u00edlia foi atingida por deslizamento de terra. Uma <strong>m\u00e3e e uma filha<\/strong> ficaram desaparecidas e foram posteriormente localizadas sem vida pelos bombeiros, soterradas nos escombros de uma resid\u00eancia. No mesmo local, outras cinco pessoas foram resgatadas com vida, incluindo uma crian\u00e7a e dois idosos que recebem atendimento nas unidades de sa\u00fade.<\/p>\n<h2>Resposta do governo estadual<\/h2>\n<p>A governadora Raquel Lyra (PSD) concedeu entrevista coletiva no s\u00e1bado, informando que conversou com representantes do governo federal sobre a\u00e7\u00f5es de assist\u00eancia \u00e0 popula\u00e7\u00e3o afetada. Ela ressaltou a colabora\u00e7\u00e3o com a Secretaria Nacional de Defesa Civil para intensificar as a\u00e7\u00f5es de apoio.<\/p>\n<p><strong>&#8220;Estamos aqui com a presen\u00e7a da Secretaria Nacional de Defesa Civil, que se colocou \u00e0 disposi\u00e7\u00e3o para que haja mais insumos para fortalecer aquilo que j\u00e1 vem entregando, de compras de comida e de colch\u00e3o, suprimento, mas tamb\u00e9m para que nos ajudem no relat\u00f3rio de invent\u00e1rio de danos&#8221;<\/strong>, declarou a governadora.<\/p>\n<h2>Situa\u00e7\u00e3o cr\u00edtica e perspectivas<\/h2>\n<p>As chuvas intensas em Pernambuco revelam a necessidade urgente de melhorias em infraestrutura de drenagem e pol\u00edticas de habita\u00e7\u00e3o segura para popula\u00e7\u00f5es de \u00e1reas vulner\u00e1veis. Os dados atualizados pela Defesa Civil demonstram que essa \u00e9 uma quest\u00e3o de <strong>seguran\u00e7a p\u00fablica e planejamento urbano<\/strong> que demanda a\u00e7\u00f5es imediatas e estruturais do Estado.<\/p>","protected":false},"excerpt":{"rendered":"<p>Sobe para 6 mortos em Pernambuco por chuvas intensas. Mais de 2,6 mil desabrigados. Defesa Civil divulga balan\u00e7o de trag\u00e9dia no estado.<\/p>","protected":false},"author":4,"featured_media":25541,"comment_status":"open","ping_status":"open","sticky":false,"template":"","format":"standard","meta":{"_crdt_document":"","footnotes":""},"categories":[36],"tags":[],"class_list":["post-25544","post","type-post","status-publish","format-standard","has-post-thumbnail","hentry","category-brasil"],"brizy_media":[],"_links":{"self":[{"href":"https:\/\/jornalcorporativo.com.br\/en\/wp-json\/wp\/v2\/posts\/25544","targetHints":{"allow":["GET"]}}],"collection":[{"href":"https:\/\/jornalcorporativo.com.br\/en\/wp-json\/wp\/v2\/posts"}],"about":[{"href":"https:\/\/jornalcorporativo.com.br\/en\/wp-json\/wp\/v2\/types\/post"}],"author":[{"embeddable":true,"href":"https:\/\/jornalcorporativo.com.br\/en\/wp-json\/wp\/v2\/users\/4"}],"replies":[{"embeddable":true,"href":"https:\/\/jornalcorporativo.com.br\/en\/wp-json\/wp\/v2\/comments?post=25544"}],"version-history":[{"count":0,"href":"https:\/\/jornalcorporativo.com.br\/en\/wp-json\/wp\/v2\/posts\/25544\/revisions"}],"wp:featuredmedia":[{"embeddable":true,"href":"https:\/\/jornalcorporativo.com.br\/en\/wp-json\/wp\/v2\/media\/25541"}],"wp:attachment":[{"href":"https:\/\/jornalcorporativo.com.br\/en\/wp-json\/wp\/v2\/media?parent=25544"}],"wp:term":[{"taxonomy":"category","embeddable":true,"href":"https:\/\/jornalcorporativo.com.br\/en\/wp-json\/wp\/v2\/categories?post=25544"},{"taxonomy":"post_tag","embeddable":true,"href":"https:\/\/jornalcorporativo.com.br\/en\/wp-json\/wp\/v2\/tags?post=25544"}],"curies":[{"name":"wp","href":"https:\/\/api.w.org\/{rel}","templated":true}]}}