{"id":25545,"date":"2026-05-03T04:01:21","date_gmt":"2026-05-03T07:01:21","guid":{"rendered":"https:\/\/jornalcorporativo.com.br\/redacao\/historia-o-que-e-gonzaguinha-shakira-bethania\/"},"modified":"2026-05-03T04:01:21","modified_gmt":"2026-05-03T07:01:21","slug":"historia-o-que-e-gonzaguinha-shakira-bethania","status":"publish","type":"post","link":"https:\/\/jornalcorporativo.com.br\/en\/esportes\/historia-o-que-e-gonzaguinha-shakira-bethania\/","title":{"rendered":"O que \u00e9, o que \u00e9? A hist\u00f3ria da can\u00e7\u00e3o de Gonzaguinha que une Shakira e Maria Beth\u00e2nia em Copacabana"},"content":{"rendered":"<h2>Um encontro improv\u00e1vel entre a pop e a MPB<\/h2>\n<p>O show de Shakira na Praia de Copacabana reuniu figuras inesperadas do cen\u00e1rio musical brasileiro. Durante o ensaio, a presen\u00e7a dos irm\u00e3os Maria Beth\u00e2nia e Caetano Veloso chamou aten\u00e7\u00e3o por representar uma fus\u00e3o rara: a diva pop internacional com lendas vivas da M\u00fasica Popular Brasileira. Enquanto Caetano acompanhou Shakira em &#8220;O le\u00e3ozinho&#8221;, Maria Beth\u00e2nia dividiu o palco para interpretar &#8220;O que \u00e9, o que \u00e9?&#8221;, o cl\u00e1ssico de Gonzaguinha que transcende gera\u00e7\u00f5es e culturas.<\/p>\n<h2>A origem de um cl\u00e1ssico atemporal<\/h2>\n<p>Lan\u00e7ada em 1982 no disco &#8220;Caminhos do Cora\u00e7\u00e3o&#8221;, &#8220;O que \u00e9, o que \u00e9?&#8221; nasceu da autoria de Gonzaguinha, um compositor que transformava quest\u00f5es filos\u00f3ficas em melodias memor\u00e1veis. A faixa-t\u00edtulo do \u00e1lbum dividiu espa\u00e7o com outros sucessos como &#8220;Felicidade&#8221;, consolidando o trabalho como marco na carreira do artista. Aquela can\u00e7\u00e3o que convida \u00e0 reflex\u00e3o sobre viver sem vergonha de ser feliz rapidamente conquistou int\u00e9rpretes de diferentes gera\u00e7\u00f5es e estilos musicais.<\/p>\n<h3>Grava\u00e7\u00f5es memor\u00e1veis ao longo dos anos<\/h3>\n<p>&#8220;O que \u00e9, o que \u00e9?&#8221; ganhou novas roupagens nas vozes de <strong>Beth Carvalho<\/strong>, <strong>Ana Costa<\/strong>, <strong>Diogo Nogueira<\/strong>, <strong>Maria Rita<\/strong>, <strong>Z\u00e9 Ramalho<\/strong>, <strong>Padre F\u00e1bio de Melo<\/strong> e <strong>Bruna Caram<\/strong>, entre outros. Cada interpreta\u00e7\u00e3o revelava camadas diferentes da composi\u00e7\u00e3o, demonstrando sua versatilidade. A m\u00fasica provou ser um ve\u00edculo perfeito para diferentes g\u00eaneros e estilos, mantendo sua ess\u00eancia filos\u00f3fica intacta.<\/p>\n<h2>Expans\u00e3o internacional e reinterpreta\u00e7\u00f5es<\/h2>\n<p>Durante a pandemia, a can\u00e7\u00e3o ganhou novo significado ao ser regravada em espanhol de forma &#8220;m\u00e2ntrica&#8221; pelo grupo argentino <strong>Indra Mantras<\/strong>. Mais recentemente, o popstar uruguaio <strong>Jorge Drexler<\/strong> levou a composi\u00e7\u00e3o para o candombe, ritmo afro-uruguaio, em seu disco &#8220;Tarac\u00e1&#8221; lan\u00e7ado em mar\u00e7o. Drexler reconheceu na obra quest\u00f5es ontol\u00f3gicas e filos\u00f3ficas profundas, comparando sua estrutura a reflex\u00f5es filos\u00f3ficas mais comuns em livros do que em can\u00e7\u00f5es.<\/p>\n<h3>A vis\u00e3o de Jorge Drexler sobre a obra<\/h3>\n<p>Ao comentar sobre sua reinterpreta\u00e7\u00e3o, Drexler destacou como a m\u00fasica o tocava durante rodas de samba no Brasil, funcionando como momento de eleva\u00e7\u00e3o espiritual. Ele admirou particularmente a arquitetura da composi\u00e7\u00e3o: iniciando com um refr\u00e3o grandioso, passando por partes menores que atravessam est\u00e1gios de dor e perplexidade, retornando \u00e0 celebra\u00e7\u00e3o final. Para o artista, a crian\u00e7a que oferece a resposta a Gonzaguinha representava pensadores como <strong>Baruch Espinosa<\/strong>.<\/p>\n<h2>Legado cont\u00ednuo de Gonzaguinha<\/h2>\n<p>Trinta e cinco anos ap\u00f3s sua morte em acidente de carro, Gonzaguinha mant\u00e9m popularidade crescente, com mais de 1,5 milh\u00e3o de ouvintes mensais no Spotify. Seu filho, <strong>Daniel Gonzaga<\/strong>, enfatiza o lado pol\u00edtico presente mesmo em composi\u00e7\u00f5es rom\u00e2nticas, destacando como o pai driblava censura atrav\u00e9s de met\u00e1foras brilhantes. Para Daniel, a genialidade de Gonzaguinha reside em seu &#8220;humor fino e c\u00e1ustico&#8221;, abordando temas do dia a dia: o trabalhador, a fila do \u00f4nibus, a vida das pessoas comuns.<\/p>\n<h3>Reconhecimento hist\u00f3rico no Carnaval<\/h3>\n<p>&#8220;O que \u00e9, o que \u00e9?&#8221; conquistou um lugar hist\u00f3rico no Carnaval carioca ao ser escolhida como samba-enredo do Imp\u00e9rio Serrano em 2019, \u00fanica ocasi\u00e3o em que uma m\u00fasica preexistente foi levada \u00e0 avenida por uma grande escola. A can\u00e7\u00e3o \u00e9 a composi\u00e7\u00e3o mais gravada de Gonzaguinha, superando sucessos como &#8220;\u00c9&#8221;, &#8220;Come\u00e7aria tudo outra vez&#8221; e &#8220;Explode cora\u00e7\u00e3o&#8221;.<\/p>\n<h2>Uma celebra\u00e7\u00e3o de vida no palco de Copacabana<\/h2>\n<p>Na noite do show, aproximadamente um milh\u00e3o de pessoas presenciaria ao vivo &#8220;O que \u00e9, o que \u00e9?&#8221; na voz de Maria Beth\u00e2nia ao lado de Shakira. Daniel Gonzaga descreve a m\u00fasica como s\u00edntese de uma vis\u00e3o de vida em tr\u00eas ou quatro minutos, um hino que sintetiza f\u00e9, parceria e celebra\u00e7\u00e3o da exist\u00eancia. \u00c9 uma grande pergunta que ecoa na cabe\u00e7a dos brasileiros, afirmando que a vida \u00e9 bonita, uma mensagem que continua ressoando de Santo Amaro da Purifica\u00e7\u00e3o a Barranquilla e al\u00e9m.<\/p>","protected":false},"excerpt":{"rendered":"<p>Descubra a hist\u00f3ria de &#8216;O que \u00e9, o que \u00e9?&#8217; de Gonzaguinha, a can\u00e7\u00e3o que une Shakira e Maria Beth\u00e2nia no show de Copacabana.<\/p>","protected":false},"author":4,"featured_media":25540,"comment_status":"open","ping_status":"open","sticky":false,"template":"","format":"standard","meta":{"_crdt_document":"","footnotes":""},"categories":[6],"tags":[],"class_list":["post-25545","post","type-post","status-publish","format-standard","has-post-thumbnail","hentry","category-esportes"],"brizy_media":[],"_links":{"self":[{"href":"https:\/\/jornalcorporativo.com.br\/en\/wp-json\/wp\/v2\/posts\/25545","targetHints":{"allow":["GET"]}}],"collection":[{"href":"https:\/\/jornalcorporativo.com.br\/en\/wp-json\/wp\/v2\/posts"}],"about":[{"href":"https:\/\/jornalcorporativo.com.br\/en\/wp-json\/wp\/v2\/types\/post"}],"author":[{"embeddable":true,"href":"https:\/\/jornalcorporativo.com.br\/en\/wp-json\/wp\/v2\/users\/4"}],"replies":[{"embeddable":true,"href":"https:\/\/jornalcorporativo.com.br\/en\/wp-json\/wp\/v2\/comments?post=25545"}],"version-history":[{"count":0,"href":"https:\/\/jornalcorporativo.com.br\/en\/wp-json\/wp\/v2\/posts\/25545\/revisions"}],"wp:featuredmedia":[{"embeddable":true,"href":"https:\/\/jornalcorporativo.com.br\/en\/wp-json\/wp\/v2\/media\/25540"}],"wp:attachment":[{"href":"https:\/\/jornalcorporativo.com.br\/en\/wp-json\/wp\/v2\/media?parent=25545"}],"wp:term":[{"taxonomy":"category","embeddable":true,"href":"https:\/\/jornalcorporativo.com.br\/en\/wp-json\/wp\/v2\/categories?post=25545"},{"taxonomy":"post_tag","embeddable":true,"href":"https:\/\/jornalcorporativo.com.br\/en\/wp-json\/wp\/v2\/tags?post=25545"}],"curies":[{"name":"wp","href":"https:\/\/api.w.org\/{rel}","templated":true}]}}