{"id":25546,"date":"2026-05-03T04:01:21","date_gmt":"2026-05-03T07:01:21","guid":{"rendered":"https:\/\/jornalcorporativo.com.br\/redacao\/pm-preso-duque-caxias-veiculo-roubado\/"},"modified":"2026-05-03T04:01:21","modified_gmt":"2026-05-03T07:01:21","slug":"pm-preso-duque-caxias-veiculo-roubado","status":"publish","type":"post","link":"https:\/\/jornalcorporativo.com.br\/en\/justica-em-foco\/pm-preso-duque-caxias-veiculo-roubado\/","title":{"rendered":"Policial militar \u00e9 preso em Duque de Caxias com 8 ve\u00edculos roubados em opera\u00e7\u00e3o da pol\u00edcia"},"content":{"rendered":"<h2>Opera\u00e7\u00e3o conjunta resulta em pris\u00e3o e apreens\u00e3o de ve\u00edculos na Baixada Fluminense<\/h2>\n<p>Um policial militar que estava de folga foi preso na \u00faltima sexta-feira em Duque de Caxias, na Baixada Fluminense, durante uma opera\u00e7\u00e3o coordenada entre as pol\u00edcias Civil e Militar. A a\u00e7\u00e3o resultou na apreens\u00e3o de oito ve\u00edculos, entre motocicletas, autom\u00f3veis e uma moto aqu\u00e1tica, na regi\u00e3o da Vila Sarapu\u00ed. A opera\u00e7\u00e3o ocorreu ap\u00f3s o rastreamento de um autom\u00f3vel roubado que levou os agentes at\u00e9 o im\u00f3vel onde os ve\u00edculos estavam guardados.<\/p>\n<h2>Detalhes da opera\u00e7\u00e3o e apreens\u00f5es<\/h2>\n<p>Agentes da 59\u00aa Delegacia de Pol\u00edcia (DP) de Duque de Caxias, com apoio de policiais militares, chegaram ao endere\u00e7o ap\u00f3s um per\u00edodo de monitoramento. No local, identificaram o morador como <strong>Maycon Fernandes Leite, segundo sargento da Pol\u00edcia Militar<\/strong>. O suspeito alegou estar atuando na recupera\u00e7\u00e3o de ve\u00edculos para uma empresa de seguros, justificativa que n\u00e3o foi comprovada durante as investiga\u00e7\u00f5es iniciais.<\/p>\n<p>Entre os oito ve\u00edculos apreendidos, <strong>cinco apresentavam registros ativos de roubo<\/strong> no sistema da pol\u00edcia. Os demais, incluindo dois autom\u00f3veis e a moto aqu\u00e1tica, permanecem sob an\u00e1lise para verifica\u00e7\u00e3o de proced\u00eancia e confirma\u00e7\u00e3o de origem leg\u00edtima. O cen\u00e1rio encontrado pelos investigadores sugere a exist\u00eancia de um poss\u00edvel esquema voltado \u00e0 recepta\u00e7\u00e3o, oculta\u00e7\u00e3o e circula\u00e7\u00e3o de ve\u00edculos oriundos de crimes patrimoniais.<\/p>\n<h2>Investiga\u00e7\u00f5es anteriores e envolvimento do suspeito<\/h2>\n<p>De acordo com a Pol\u00edcia Civil, o preso j\u00e1 figurava como investigado por <strong>associa\u00e7\u00e3o criminosa<\/strong> em procedimento conduzido pela Delegacia de Roubos e Furtos de Autom\u00f3veis (DRFA) desde 2024. Essa informa\u00e7\u00e3o refor\u00e7a suspeitas de envolvimento em atividades criminosas mais amplas e estruturadas.<\/p>\n<p>O agente foi levado para a 59\u00aa DP e permaneceu preso. A Pol\u00edcia Militar, por sua vez, acionou a <strong>3\u00aa Delegacia de Pol\u00edcia Judici\u00e1ria Militar (DPJM)<\/strong>, ligada \u00e0 Corregedoria Geral da corpora\u00e7\u00e3o, que passou a acompanhar o caso e conduzir as investiga\u00e7\u00f5es de acordo com os procedimentos internos da institui\u00e7\u00e3o.<\/p>\n<h2>Opera\u00e7\u00e3o Torniquete: combate ao crime patrimonial<\/h2>\n<p>A a\u00e7\u00e3o integra a segunda fase da <strong>Opera\u00e7\u00e3o Torniquete<\/strong>, um esfor\u00e7o concentrado voltado especificamente ao combate ao roubo, furto e recepta\u00e7\u00e3o de cargas e ve\u00edculos no estado do Rio de Janeiro. As autoridades continuam com as investiga\u00e7\u00f5es para identificar outros poss\u00edveis envolvidos na rede criminosa e determinar a extens\u00e3o completa da atividade il\u00edcita.<\/p>\n<p>As autoridades refor\u00e7am seu compromisso em desarticular esquemas de recepta\u00e7\u00e3o de ve\u00edculos roubados, que causam preju\u00edzos significativos aos propriet\u00e1rios e aos seguros. A investiga\u00e7\u00e3o segue em andamento para esclarecer todos os detalhes da opera\u00e7\u00e3o e responsabilidades envolvidas.<\/p>","protected":false},"excerpt":{"rendered":"<p>PM preso em Duque de Caxias com 8 ve\u00edculos roubados. Opera\u00e7\u00e3o da pol\u00edcia desarticulava esquema de recepta\u00e7\u00e3o na Baixada Fluminense.<\/p>","protected":false},"author":4,"featured_media":25543,"comment_status":"open","ping_status":"open","sticky":false,"template":"","format":"standard","meta":{"_crdt_document":"","footnotes":""},"categories":[39],"tags":[],"class_list":["post-25546","post","type-post","status-publish","format-standard","has-post-thumbnail","hentry","category-justica-em-foco"],"brizy_media":[],"_links":{"self":[{"href":"https:\/\/jornalcorporativo.com.br\/en\/wp-json\/wp\/v2\/posts\/25546","targetHints":{"allow":["GET"]}}],"collection":[{"href":"https:\/\/jornalcorporativo.com.br\/en\/wp-json\/wp\/v2\/posts"}],"about":[{"href":"https:\/\/jornalcorporativo.com.br\/en\/wp-json\/wp\/v2\/types\/post"}],"author":[{"embeddable":true,"href":"https:\/\/jornalcorporativo.com.br\/en\/wp-json\/wp\/v2\/users\/4"}],"replies":[{"embeddable":true,"href":"https:\/\/jornalcorporativo.com.br\/en\/wp-json\/wp\/v2\/comments?post=25546"}],"version-history":[{"count":0,"href":"https:\/\/jornalcorporativo.com.br\/en\/wp-json\/wp\/v2\/posts\/25546\/revisions"}],"wp:featuredmedia":[{"embeddable":true,"href":"https:\/\/jornalcorporativo.com.br\/en\/wp-json\/wp\/v2\/media\/25543"}],"wp:attachment":[{"href":"https:\/\/jornalcorporativo.com.br\/en\/wp-json\/wp\/v2\/media?parent=25546"}],"wp:term":[{"taxonomy":"category","embeddable":true,"href":"https:\/\/jornalcorporativo.com.br\/en\/wp-json\/wp\/v2\/categories?post=25546"},{"taxonomy":"post_tag","embeddable":true,"href":"https:\/\/jornalcorporativo.com.br\/en\/wp-json\/wp\/v2\/tags?post=25546"}],"curies":[{"name":"wp","href":"https:\/\/api.w.org\/{rel}","templated":true}]}}