{"id":25553,"date":"2026-05-03T08:01:36","date_gmt":"2026-05-03T11:01:36","guid":{"rendered":"https:\/\/jornalcorporativo.com.br\/redacao\/adolescente-mae-adolescente-era-digital\/"},"modified":"2026-05-03T08:01:36","modified_gmt":"2026-05-03T11:01:36","slug":"adolescente-mae-adolescente-era-digital","status":"publish","type":"post","link":"https:\/\/jornalcorporativo.com.br\/en\/noticias\/adolescente-mae-adolescente-era-digital\/","title":{"rendered":"De Adolescente a M\u00e3e de Adolescente: Reflex\u00f5es sobre Cria\u00e7\u00e3o na Era Digital"},"content":{"rendered":"<h2>Uma Jornada de Transforma\u00e7\u00e3o: Do Palco \u00e0 Maternidade<\/h2>\n<p>Nos anos 90, uma pe\u00e7a teatral revolucionou o Brasil e marcou gera\u00e7\u00f5es. Intitulada &#8220;Confiss\u00f5es de Adolescente&#8221;, esse fen\u00f4meno cultural acompanhou quatro meninas em uma jornada que durou dos 17 aos 23 anos, percorrendo todo o territ\u00f3rio nacional. Durante essa \u00e9poca, as atrizes vivenciaram a pr\u00f3pria adolesc\u00eancia cercadas por amigas, seguran\u00e7as em shoppings e um p\u00fablico apaixonado que se identificava profundamente com suas hist\u00f3rias e inseguran\u00e7as. Era uma \u00e9poca de conex\u00e3o aut\u00eantica, mesmo que intensa e \u00e0s vezes ca\u00f3tica.<\/p>\n<p>Por\u00e9m, o tempo passa para todos. Aquela adolescente que subia ao palco para confessar seus dilemas transformou-se em m\u00e3e de uma adolescente. E com essa transi\u00e7\u00e3o veio uma revela\u00e7\u00e3o profunda: a compreens\u00e3o genu\u00edna das preocupa\u00e7\u00f5es que sua pr\u00f3pria m\u00e3e carregava silenciosamente.<\/p>\n<h2>O Mundo Digital e Seus Desafios Contempor\u00e2neos<\/h2>\n<p>A filha dessa m\u00e3e-atriz vive imersa no TikTok, acessando informa\u00e7\u00f5es em velocidade nunca antes vista. Ela utiliza uma linguagem codificada t\u00edpica de sua gera\u00e7\u00e3o: &#8220;rz&#8221; para resenha, &#8220;ss&#8221; para sim, &#8220;ctz&#8221; para com certeza, e &#8220;aura&#8221;, um termo cuja defini\u00e7\u00e3o ainda escapa \u00e0 compreens\u00e3o materna. Essa realidade reflete um abismo geracional profundo entre quem cresceu nos anos 90 e quem cresce na d\u00e9cada de 2020.<\/p>\n<p>A m\u00e3e contempla essa nova realidade com uma mistura de fasc\u00ednio e apreens\u00e3o. Como sua m\u00e3e conseguia dormir sem aplicativos que rastreavam cada movimento? Como era poss\u00edvel descansar sem as notifica\u00e7\u00f5es intermin\u00e1veis, sem os algoritmos que despejam milhares de not\u00edcias perturbadoras diariamente? A verdade \u00e9 que foram criadas com menos informa\u00e7\u00e3o, menos press\u00e3o, menos vigil\u00e2ncia constante.<\/p>\n<h3>A Educa\u00e7\u00e3o sob Press\u00e3o Constante<\/h3>\n<p>Uma quest\u00e3o fundamental assombra essa m\u00e3e moderna: como continuar educando com tranquilidade quando se perde a f\u00e9 na humanidade a cada tr\u00eas minutos? Como saber se est\u00e1 sendo uma boa m\u00e3e quando influenciadores e terapeutas aparecem constantemente nas telas afirmando que tudo est\u00e1 sendo feito errado? Essa press\u00e3o cont\u00ednua sobre os pais contempor\u00e2neos cria um ambiente de ansiedade perp\u00e9tua.<\/p>\n<h2>O Encanto Intacto da Adolesc\u00eancia<\/h2>\n<p>Apesar dos desafios, essa m\u00e3e ainda encontra beleza nessa fase da vida. Ela aprecia a espontaneidade que os adolescentes carregam, a intensidade que inevitavelmente desaparece com os anos, os altos e baixos que fazem a humanidade vibrar com autenticidade. Adora suas hist\u00f3rias, suas pequenas confus\u00f5es aparentemente gigantescas, suas g\u00edrias que provocam riso. Existe uma energia tribal, um desejo de pertencimento mesmo quando she clama pela import\u00e2ncia de ser diferente.<\/p>\n<p>Mas a adolesc\u00eancia moderna \u00e9 infinitamente mais complexa. O tempo despendido em redes sociais rouba oportunidades de autodescoberta genu\u00edna. Na era dessa m\u00e3e, havia tempo para trocar livros, escrever em agendas, ouvir fitas cassete, escrever cartas. N\u00e3o havia espelhos constantes nem c\u00e2meras vigilantes registrando cada momento. A vida acontecia sem ser documentada, compartilhada e julgada.<\/p>\n<h3>Compreens\u00e3o e Compaix\u00e3o pela Gera\u00e7\u00e3o Atual<\/h3>\n<p>Essa m\u00e3e sente genu\u00edna pena dos adolescentes de hoje. N\u00e3o \u00e9 f\u00e1cil existir nesse mundo saturado de informa\u00e7\u00f5es. O tempo que deveria ser dedicado \u00e0 descoberta pessoal \u00e9 consumido por feeds infinitos. A press\u00e3o social nunca esteve t\u00e3o presente, t\u00e3o imediata, t\u00e3o inescap\u00e1vel. Seus corpos e personalidades s\u00e3o constantemente avaliados por estranhos atrav\u00e9s de telas brilhantes.<\/p>\n<h2>A \u00daltima Chance de Prote\u00e7\u00e3o<\/h2>\n<p>Talvez a paci\u00eancia dessa m\u00e3e para com seus filhos adolescentes seja uma saudade antecipada. A adolesc\u00eancia \u00e9 realmente o \u00faltimo est\u00e1gio antes da vida adulta. Logo vir\u00e3o a faculdade, a competi\u00e7\u00e3o implac\u00e1vel, a cobran\u00e7a por produtividade, a press\u00e3o para constituir fam\u00edlia. Logo os 18 anos chegam e as amarras parentais se afrouxam inevitavelmente.<\/p>\n<p>\u00c9 a \u00faltima chance de proteg\u00ea-los sob as asas maternas. A \u00faltima oportunidade de dormir tranquila sabendo onde eles est\u00e3o. A chance final de resolver problemas que ainda n\u00e3o dominam completamente. \u00c9 o per\u00edodo derradeiro para ajudar a formar um adulto \u00edntegro, resiliente e preocupado com o mundo. Porque quando os pais falam, mesmo que os filhos respondam com t\u00e9dio aparente, ainda s\u00e3o a refer\u00eancia fundamental.<\/p>\n<p>Portanto, \u00e9 melhor aproveitar cada momento, cada &#8220;M\u00c3\u00c3\u00c3\u00c3\u00c3\u00c3\u00c3\u00c3\u00c3\u00c3\u00c3E&#8221; gritado tr\u00eas vezes por dia, porque essa fase passa r\u00e1pido demais. Logo eles deixam de ser &#8220;manos&#8221;, perdem a &#8220;aura&#8221;, deixam a &#8220;v\u00e1rzea&#8221; para tr\u00e1s e se tornam adultos funcionais, sempre sorrindo, sempre tentando agradar o mundo. E essa m\u00e3e que um dia foi adolescente em um palco vai morrer de saudade desses anos de caos, intensidade e pura, desajustada humanidade.<\/p>","protected":false},"excerpt":{"rendered":"<p>Reflex\u00e3o sobre adolesc\u00eancia: de atriz a m\u00e3e, enfrentando desafios da cria\u00e7\u00e3o na era digital com compaix\u00e3o e saudade.<\/p>","protected":false},"author":4,"featured_media":25550,"comment_status":"open","ping_status":"open","sticky":false,"template":"","format":"standard","meta":{"_crdt_document":"","footnotes":""},"categories":[269],"tags":[],"class_list":["post-25553","post","type-post","status-publish","format-standard","has-post-thumbnail","hentry","category-noticias"],"brizy_media":[],"_links":{"self":[{"href":"https:\/\/jornalcorporativo.com.br\/en\/wp-json\/wp\/v2\/posts\/25553","targetHints":{"allow":["GET"]}}],"collection":[{"href":"https:\/\/jornalcorporativo.com.br\/en\/wp-json\/wp\/v2\/posts"}],"about":[{"href":"https:\/\/jornalcorporativo.com.br\/en\/wp-json\/wp\/v2\/types\/post"}],"author":[{"embeddable":true,"href":"https:\/\/jornalcorporativo.com.br\/en\/wp-json\/wp\/v2\/users\/4"}],"replies":[{"embeddable":true,"href":"https:\/\/jornalcorporativo.com.br\/en\/wp-json\/wp\/v2\/comments?post=25553"}],"version-history":[{"count":0,"href":"https:\/\/jornalcorporativo.com.br\/en\/wp-json\/wp\/v2\/posts\/25553\/revisions"}],"wp:featuredmedia":[{"embeddable":true,"href":"https:\/\/jornalcorporativo.com.br\/en\/wp-json\/wp\/v2\/media\/25550"}],"wp:attachment":[{"href":"https:\/\/jornalcorporativo.com.br\/en\/wp-json\/wp\/v2\/media?parent=25553"}],"wp:term":[{"taxonomy":"category","embeddable":true,"href":"https:\/\/jornalcorporativo.com.br\/en\/wp-json\/wp\/v2\/categories?post=25553"},{"taxonomy":"post_tag","embeddable":true,"href":"https:\/\/jornalcorporativo.com.br\/en\/wp-json\/wp\/v2\/tags?post=25553"}],"curies":[{"name":"wp","href":"https:\/\/api.w.org\/{rel}","templated":true}]}}