{"id":25556,"date":"2026-05-03T08:01:37","date_gmt":"2026-05-03T11:01:37","guid":{"rendered":"https:\/\/jornalcorporativo.com.br\/redacao\/equador-crise-democratica-governo-noboa-liberdade-imprensa\/"},"modified":"2026-05-03T08:01:37","modified_gmt":"2026-05-03T11:01:37","slug":"equador-crise-democratica-governo-noboa-liberdade-imprensa","status":"publish","type":"post","link":"https:\/\/jornalcorporativo.com.br\/en\/internacional\/equador-crise-democratica-governo-noboa-liberdade-imprensa\/","title":{"rendered":"Equador enfrenta crise democr\u00e1tica: governo Noboa acusado de retrocesso e amea\u00e7a \u00e0 liberdade de imprensa"},"content":{"rendered":"<h2>Sinais de alerta na democracia equatoriana<\/h2>\n<p>O Equador vivencia um momento cr\u00edtico de tens\u00e3o pol\u00edtica que levanta preocupa\u00e7\u00f5es significativas sobre o futuro das liberdades democr\u00e1ticas no pa\u00eds. Em um gesto de protesto simb\u00f3lico, dois dos principais jornais equatorianos decidiram expressar sua indigna\u00e7\u00e3o atrav\u00e9s de uma a\u00e7\u00e3o que marcou presen\u00e7a nas ruas e nas discuss\u00f5es p\u00fablicas.<\/p>\n<p>Em um domingo de manh\u00e3, cidad\u00e3os equatorianos se depararam com uma cena inusitada ao procurar seus jornais habituais. As publica\u00e7\u00f5es Expreso e Extra, ve\u00edculos de comunica\u00e7\u00e3o de grande circula\u00e7\u00e3o no pa\u00eds, apresentaram suas capas completamente em branco. Esta atitude deliberada representava uma forma contundente de chamar aten\u00e7\u00e3o para o que essas institui\u00e7\u00f5es jornal\u00edsticas denunciavam como uma tentativa do governo do presidente Daniel Noboa de exercer controle sobre ambas as publica\u00e7\u00f5es.<\/p>\n<h2>O significado da protesto silencioso<\/h2>\n<p>A decis\u00e3o das reda\u00e7\u00f5es de publicar p\u00e1ginas vazias n\u00e3o foi um ato de neglig\u00eancia, mas sim uma estrat\u00e9gia de comunica\u00e7\u00e3o poderosa. Quando a m\u00eddia impressa decide n\u00e3o imprimir not\u00edcias, a mensagem torna-se ainda mais eloquente do que qualquer t\u00edtulo poderia ser. Esta manifesta\u00e7\u00e3o silenciosa reflete a gravidade das preocupa\u00e7\u00f5es levantadas pelos jornalistas equatorianos em rela\u00e7\u00e3o \u00e0 autonomia editorial e \u00e0 seguran\u00e7a institucional de suas organiza\u00e7\u00f5es.<\/p>\n<h2>Contexto da crise pol\u00edtica<\/h2>\n<p>O governo liderado por Daniel Noboa tem enfrentado cr\u00edticas crescentes sobre suas pol\u00edticas e abordagens em rela\u00e7\u00e3o \u00e0 liberdade de express\u00e3o. As alega\u00e7\u00f5es de tentativa de tomada de controle sobre \u00f3rg\u00e3os de imprensa sugerem um padr\u00e3o potencial de eros\u00e3o dos princ\u00edpios democr\u00e1ticos que fundamentam a Rep\u00fablica Equatoriana. Esses indicadores despertam preocupa\u00e7\u00f5es n\u00e3o apenas entre profissionais da imprensa, mas tamb\u00e9m em organiza\u00e7\u00f5es defensoras dos direitos humanos e na comunidade internacional.<\/p>\n<h2>Riscos \u00e0s liberdades civis<\/h2>\n<p>Quando governos buscam controlar a m\u00eddia, as consequ\u00eancias podem ser devastadoras para toda a sociedade. A liberdade de imprensa \u00e9 considerada um pilar fundamental das democracias modernas, permitindo que jornalistas investiguem, questionem e mantenham a popula\u00e7\u00e3o informada sobre assuntos de interesse p\u00fablico. A amea\u00e7a a essa liberdade representa um risco direto \u00e0s outras liberdades civis garantidas constitucionalmente.<\/p>\n<p>O termo <strong>&#8216;Novo Equador&#8217;<\/strong> sugere uma reinven\u00e7\u00e3o do pa\u00eds, mas as a\u00e7\u00f5es relatadas apontam para uma dire\u00e7\u00e3o que muitos temem ser retr\u00f3grada em rela\u00e7\u00e3o aos avan\u00e7os democr\u00e1ticos conquistados. A comunidade equatoriana, jornalistas, advogados e cidad\u00e3os est\u00e3o atentos aos desenvolvimentos subsequentes, esperando que as institui\u00e7\u00f5es democr\u00e1ticas resistam e prevale\u00e7am contra poss\u00edveis press\u00f5es pol\u00edticas.<\/p>\n<h2>O papel dos jornais e da sociedade civil<\/h2>\n<p>Os jornais Expreso e Extra, ao publicarem capas em branco, demonstraram que a resist\u00eancia \u00e0 interfer\u00eancia governamental \u00e9 poss\u00edvel e necess\u00e1ria. Este ato serviu como um chamado de aten\u00e7\u00e3o n\u00e3o apenas ao governo equatoriano, mas tamb\u00e9m \u00e0 comunidade internacional sobre a import\u00e2ncia de proteger a imprensa livre. A sociedade civil, por sua vez, tem o dever de apoiar essas institui\u00e7\u00f5es e defender coletivamente os direitos fundamentais que sustentam uma democracia saud\u00e1vel.<\/p>","protected":false},"excerpt":{"rendered":"<p>Equador enfrenta crise democr\u00e1tica com governo Noboa acusado de tentar controlar jornais. Capas em branco protestam contra amea\u00e7a \u00e0 liberdade de imprensa.<\/p>","protected":false},"author":4,"featured_media":25551,"comment_status":"open","ping_status":"open","sticky":false,"template":"","format":"standard","meta":{"_crdt_document":"","footnotes":""},"categories":[2],"tags":[],"class_list":["post-25556","post","type-post","status-publish","format-standard","has-post-thumbnail","hentry","category-internacional"],"brizy_media":[],"_links":{"self":[{"href":"https:\/\/jornalcorporativo.com.br\/en\/wp-json\/wp\/v2\/posts\/25556","targetHints":{"allow":["GET"]}}],"collection":[{"href":"https:\/\/jornalcorporativo.com.br\/en\/wp-json\/wp\/v2\/posts"}],"about":[{"href":"https:\/\/jornalcorporativo.com.br\/en\/wp-json\/wp\/v2\/types\/post"}],"author":[{"embeddable":true,"href":"https:\/\/jornalcorporativo.com.br\/en\/wp-json\/wp\/v2\/users\/4"}],"replies":[{"embeddable":true,"href":"https:\/\/jornalcorporativo.com.br\/en\/wp-json\/wp\/v2\/comments?post=25556"}],"version-history":[{"count":0,"href":"https:\/\/jornalcorporativo.com.br\/en\/wp-json\/wp\/v2\/posts\/25556\/revisions"}],"wp:featuredmedia":[{"embeddable":true,"href":"https:\/\/jornalcorporativo.com.br\/en\/wp-json\/wp\/v2\/media\/25551"}],"wp:attachment":[{"href":"https:\/\/jornalcorporativo.com.br\/en\/wp-json\/wp\/v2\/media?parent=25556"}],"wp:term":[{"taxonomy":"category","embeddable":true,"href":"https:\/\/jornalcorporativo.com.br\/en\/wp-json\/wp\/v2\/categories?post=25556"},{"taxonomy":"post_tag","embeddable":true,"href":"https:\/\/jornalcorporativo.com.br\/en\/wp-json\/wp\/v2\/tags?post=25556"}],"curies":[{"name":"wp","href":"https:\/\/api.w.org\/{rel}","templated":true}]}}