{"id":26086,"date":"2026-05-18T20:01:31","date_gmt":"2026-05-18T23:01:31","guid":{"rendered":"https:\/\/jornalcorporativo.com.br\/redacao\/convocacao-selecao-brasileira-copa-2026-ancelotti\/"},"modified":"2026-05-18T20:01:31","modified_gmt":"2026-05-18T23:01:31","slug":"convocacao-selecao-brasileira-copa-2026-ancelotti","status":"publish","type":"post","link":"https:\/\/jornalcorporativo.com.br\/en\/esportes\/convocacao-selecao-brasileira-copa-2026-ancelotti\/","title":{"rendered":"Convoca\u00e7\u00e3o Sele\u00e7\u00e3o Brasileira Copa 2026: Lista de Ancelotti Sai Hoje \u00e0s 17h"},"content":{"rendered":"<h2>Quando sai a convoca\u00e7\u00e3o da Sele\u00e7\u00e3o Brasileira para a Copa do Mundo 2026?<\/h2>\n<p>A t\u00e3o esperada lista de convocados da Sele\u00e7\u00e3o Brasileira para a Copa do Mundo 2026 ser\u00e1 anunciada nesta segunda-feira, 18 de maio, \u00e0s 17h no hor\u00e1rio de Bras\u00edlia. O t\u00e9cnico Carlo Ancelotti realizar\u00e1 o evento oficial no Museu do Amanh\u00e3, localizado no Rio de Janeiro, onde os 26 jogadores escolhidos ser\u00e3o apresentados ao p\u00fablico e \u00e0 imprensa internacional. Este momento marca o in\u00edcio de uma nova fase para o futebol brasileiro em sua prepara\u00e7\u00e3o para o pr\u00f3ximo Mundial.<\/p>\n<h2>Local e Detalhes do Evento de Convoca\u00e7\u00e3o<\/h2>\n<p>O Museu do Amanh\u00e3, no Rio de Janeiro, ser\u00e1 palco de um evento de grande import\u00e2ncia para o futebol nacional. A escolha do local reflete a relev\u00e2ncia do momento e o simbolismo de um novo come\u00e7o para a Sele\u00e7\u00e3o Brasileira. Segundo a CBF, a convoca\u00e7\u00e3o contar\u00e1 com a presen\u00e7a de aproximadamente 700 profissionais de imprensa de diversas nacionalidades, demonstrando o alcance global do interesse pela Sele\u00e7\u00e3o Brasileira.<\/p>\n<p>Jornalistas de pa\u00edses como Argentina, Inglaterra, Espanha, El Salvador e Bangladesh j\u00e1 solicitaram credenciamento para estar presente no evento. Esta cobertura internacional ampla evidencia como o futebol brasileiro desperta aten\u00e7\u00e3o em todo o mundo, especialmente quando se trata de decis\u00f5es importantes sobre o time nacional.<\/p>\n<h2>Como Acompanhar a Convoca\u00e7\u00e3o da Sele\u00e7\u00e3o Brasileira<\/h2>\n<p>Os torcedores brasileiros ter\u00e3o m\u00faltiplas op\u00e7\u00f5es para acompanhar o an\u00fancio dos convocados de Carlo Ancelotti. A transmiss\u00e3o ser\u00e1 feita atrav\u00e9s de diversos canais, garantindo que qualquer pessoa possa assistir ao vivo.<\/p>\n<h3>Canais de Transmiss\u00e3o<\/h3>\n<p><strong>Televis\u00e3o aberta:<\/strong> TV Globo e SBT oferecer\u00e3o cobertura gratuita para todo o Brasil.<\/p>\n<p><strong>Televis\u00e3o por assinatura:<\/strong> O canal SporTV transmitir\u00e1 o evento para assinantes.<\/p>\n<p><strong>Plataformas digitais e streaming:<\/strong> A GE TV e a CBF TV, atrav\u00e9s do YouTube, disponibilizar\u00e3o a transmiss\u00e3o ao vivo para quem preferir acompanhar pela internet.<\/p>\n<h2>Expectativas em Torno da Convoca\u00e7\u00e3o de Ancelotti<\/h2>\n<p>A convoca\u00e7\u00e3o de Carlo Ancelotti \u00e9 aguardada com grande antecipa\u00e7\u00e3o pelos torcedores brasileiros. O t\u00e9cnico italiano, reconhecido mundialmente por sua experi\u00eancia em clubes de elite, ter\u00e1 a responsabilidade de escolher os melhores jogadores dispon\u00edveis para representar o Brasil na Copa do Mundo 2026.<\/p>\n<p>Anteriormente, Ancelotti apresentou uma pr\u00e9-lista contendo 55 jogadores, reduzindo agora para 26 nomes. Essa sele\u00e7\u00e3o rigorosa reflete o alto n\u00edvel de competitividade entre os atletas brasileiros e a dif\u00edcil tarefa de escolher os melhores para o torneio internacional mais importante do futebol.<\/p>\n<h2>Resumo das Informa\u00e7\u00f5es Importantes<\/h2>\n<p><strong>Data:<\/strong> Segunda-feira, 18 de maio<\/p>\n<p><strong>Hor\u00e1rio:<\/strong> 17h (hor\u00e1rio de Bras\u00edlia)<\/p>\n<p><strong>Local:<\/strong> Museu do Amanh\u00e3, Rio de Janeiro<\/p>\n<p><strong>N\u00famero de convocados:<\/strong> 26 jogadores<\/p>\n<p>Mantenha-se atualizado sobre quais atletas foram escolhidos para defender o Brasil no Mundial de 2026 acompanhando a cobertura em tempo real do evento de convoca\u00e7\u00e3o.<\/p>","protected":false},"excerpt":{"rendered":"<p>Convoca\u00e7\u00e3o Sele\u00e7\u00e3o Brasileira Copa 2026 sai hoje \u00e0s 17h com Ancelotti no Museu do Amanh\u00e3. Confira como assistir ao vivo.<\/p>","protected":false},"author":4,"featured_media":26082,"comment_status":"open","ping_status":"open","sticky":false,"template":"","format":"standard","meta":{"googlesitekit_rrm_CAow6MXMDA:productID":"","footnotes":""},"categories":[6],"tags":[],"class_list":["post-26086","post","type-post","status-publish","format-standard","has-post-thumbnail","hentry","category-esportes"],"brizy_media":[],"_links":{"self":[{"href":"https:\/\/jornalcorporativo.com.br\/en\/wp-json\/wp\/v2\/posts\/26086","targetHints":{"allow":["GET"]}}],"collection":[{"href":"https:\/\/jornalcorporativo.com.br\/en\/wp-json\/wp\/v2\/posts"}],"about":[{"href":"https:\/\/jornalcorporativo.com.br\/en\/wp-json\/wp\/v2\/types\/post"}],"author":[{"embeddable":true,"href":"https:\/\/jornalcorporativo.com.br\/en\/wp-json\/wp\/v2\/users\/4"}],"replies":[{"embeddable":true,"href":"https:\/\/jornalcorporativo.com.br\/en\/wp-json\/wp\/v2\/comments?post=26086"}],"version-history":[{"count":0,"href":"https:\/\/jornalcorporativo.com.br\/en\/wp-json\/wp\/v2\/posts\/26086\/revisions"}],"wp:featuredmedia":[{"embeddable":true,"href":"https:\/\/jornalcorporativo.com.br\/en\/wp-json\/wp\/v2\/media\/26082"}],"wp:attachment":[{"href":"https:\/\/jornalcorporativo.com.br\/en\/wp-json\/wp\/v2\/media?parent=26086"}],"wp:term":[{"taxonomy":"category","embeddable":true,"href":"https:\/\/jornalcorporativo.com.br\/en\/wp-json\/wp\/v2\/categories?post=26086"},{"taxonomy":"post_tag","embeddable":true,"href":"https:\/\/jornalcorporativo.com.br\/en\/wp-json\/wp\/v2\/tags?post=26086"}],"curies":[{"name":"wp","href":"https:\/\/api.w.org\/{rel}","templated":true}]}}