{"id":26096,"date":"2026-05-19T00:01:47","date_gmt":"2026-05-19T03:01:47","guid":{"rendered":"https:\/\/jornalcorporativo.com.br\/redacao\/tribunal-iraniano-julgara-cineasta-jafar-panahi\/"},"modified":"2026-05-19T00:01:47","modified_gmt":"2026-05-19T03:01:47","slug":"tribunal-iraniano-julgara-cineasta-jafar-panahi","status":"publish","type":"post","link":"https:\/\/jornalcorporativo.com.br\/en\/internacional\/tribunal-iraniano-julgara-cineasta-jafar-panahi\/","title":{"rendered":"Tribunal Iraniano Julgar\u00e1 Cineasta Jafar Panahi Esta Semana: Palma de Ouro em Risco"},"content":{"rendered":"<p>Um tribunal iraniano realizar\u00e1 esta semana o julgamento do renomado cineasta Jafar Panahi, que conquistou a Palma de Ouro no Festival de Cannes no ano passado. Segundo informa\u00e7\u00f5es divulgadas pela ag\u00eancia de not\u00edcias iraniana Isna na segunda-feira, o caso ser\u00e1 apresentado ao Tribunal Revolucion\u00e1rio de Teer\u00e3 na quarta-feira, marcando um momento cr\u00edtico para o diretor que retornou ao Ir\u00e3 em 30 de mar\u00e7o.<\/p>\n<p>A audi\u00eancia representa a primeira confirma\u00e7\u00e3o oficial de um ve\u00edculo de imprensa iraniano sobre o retorno de Panahi ao pa\u00eds, ap\u00f3s sua participa\u00e7\u00e3o na cerim\u00f4nia do Oscar em meados de mar\u00e7o e suas manifesta\u00e7\u00f5es p\u00fablicas contra a repress\u00e3o aos protestos antigovernamentais que ocorreram em janeiro.<\/p>\n<h2>Antecedentes Legais e Acusa\u00e7\u00f5es<\/h2>\n<p>Panahi enfrenta consequ\u00eancias legais significativas relacionadas a uma senten\u00e7a proferida em janeiro, quando foi condenado \u00e0 revelia a um ano de pris\u00e3o e proibi\u00e7\u00e3o de viajar por dois anos. As acusa\u00e7\u00f5es contra o cineasta incluem &#8220;propaganda&#8221; contra o sistema clerical iraniano, uma alega\u00e7\u00e3o comum empregada pelas autoridades iranianas contra artistas e intelectuais dissidentes.<\/p>\n<p>Os advogados do diretor recorreram desta senten\u00e7a inicial, o que levou \u00e0 convoca\u00e7\u00e3o para a nova audi\u00eancia. Esta estrat\u00e9gia jur\u00eddica representa uma tentativa de reverter ou mitigar as penalidades impostas ao cineasta.<\/p>\n<h2>O Juiz Respons\u00e1vel pelo Caso<\/h2>\n<p>A audi\u00eancia ser\u00e1 presidida pelo juiz Iman Afshari, magistrado amplamente reconhecido por suas <strong>senten\u00e7as particularmente severas contra dissidentes pol\u00edticos e artistas cr\u00edticos<\/strong>. Afshari j\u00e1 foi sancionado pela Uni\u00e3o Europeia devido a seu hist\u00f3rico de decis\u00f5es controversas, o que levanta preocupa\u00e7\u00f5es sobre a possibilidade de uma condena\u00e7\u00e3o mais rigorosa para Panahi.<\/p>\n<h2>Contexto Cinematogr\u00e1fico e Pol\u00edtico<\/h2>\n<p>O retorno de Panahi ao Ir\u00e3 ocorreu ap\u00f3s seu significativo sucesso no Festival de Cannes 2025, onde seu filme &#8220;Foi apenas um acidente&#8221; conquistou pr\u00eamios importantes. A obra tamb\u00e9m recebeu indica\u00e7\u00e3o ao Oscar, consolidando o reconhecimento internacional do diretor. No entanto, Panahi permaneceu fora do pa\u00eds durante boa parte da promo\u00e7\u00e3o cinematogr\u00e1fica internacional, em meio aos protestos antigovernamentais que sacudiram o Ir\u00e3 em janeiro.<\/p>\n<h2>Significado da Obra &#8220;Foi Apenas um Acidente&#8221;<\/h2>\n<p>O filme que elevou Panahi ao reconhecimento internacional possui <strong>grande carga pol\u00edtica<\/strong>, retratando a hist\u00f3ria de cinco iranianos que confrontam um homem que acreditam t\u00ea-los torturado enquanto estavam encarcerados. A narrativa \u00e9 profundamente inspirada pela pr\u00f3pria experi\u00eancia do cineasta atr\u00e1s das grades, refletindo seu conhecimento direto sobre a repress\u00e3o e as viola\u00e7\u00f5es de direitos humanos no sistema penitenci\u00e1rio iraniano.<\/p>\n<h2>Timing Sens\u00edvel<\/h2>\n<p>A audi\u00eancia ocorrer\u00e1 durante o 79\u00ba Festival de Cinema de Cannes, o que adiciona dimens\u00f5es simb\u00f3licas e pol\u00edticas ao julgamento. Este cronograma sugere que a decis\u00e3o do tribunal iraniano ser\u00e1 anunciada simultaneamente com celebra\u00e7\u00f5es do cinema internacional, destacando o contraste entre a liberdade de express\u00e3o no Ocidente e a repress\u00e3o art\u00edstica no Ir\u00e3.<\/p>\n<p>O caso de Jafar Panahi representa um s\u00edmbolo maior da tens\u00e3o entre criadores de arte que buscam liberdade expressiva e governos autorit\u00e1rios que tentam controlar narrativas culturais. Sua situa\u00e7\u00e3o continua atraindo aten\u00e7\u00e3o internacional de defensores dos direitos humanos e da liberdade art\u00edstica.<\/p>","protected":false},"excerpt":{"rendered":"<p>Tribunal iraniano julgar\u00e1 cineasta Jafar Panahi esta semana. Conhe\u00e7a detalhes do caso do Palma de Ouro de Cannes.<\/p>","protected":false},"author":4,"featured_media":26091,"comment_status":"open","ping_status":"open","sticky":false,"template":"","format":"standard","meta":{"googlesitekit_rrm_CAow6MXMDA:productID":"","footnotes":""},"categories":[2],"tags":[],"class_list":["post-26096","post","type-post","status-publish","format-standard","has-post-thumbnail","hentry","category-internacional"],"brizy_media":[],"_links":{"self":[{"href":"https:\/\/jornalcorporativo.com.br\/en\/wp-json\/wp\/v2\/posts\/26096","targetHints":{"allow":["GET"]}}],"collection":[{"href":"https:\/\/jornalcorporativo.com.br\/en\/wp-json\/wp\/v2\/posts"}],"about":[{"href":"https:\/\/jornalcorporativo.com.br\/en\/wp-json\/wp\/v2\/types\/post"}],"author":[{"embeddable":true,"href":"https:\/\/jornalcorporativo.com.br\/en\/wp-json\/wp\/v2\/users\/4"}],"replies":[{"embeddable":true,"href":"https:\/\/jornalcorporativo.com.br\/en\/wp-json\/wp\/v2\/comments?post=26096"}],"version-history":[{"count":0,"href":"https:\/\/jornalcorporativo.com.br\/en\/wp-json\/wp\/v2\/posts\/26096\/revisions"}],"wp:featuredmedia":[{"embeddable":true,"href":"https:\/\/jornalcorporativo.com.br\/en\/wp-json\/wp\/v2\/media\/26091"}],"wp:attachment":[{"href":"https:\/\/jornalcorporativo.com.br\/en\/wp-json\/wp\/v2\/media?parent=26096"}],"wp:term":[{"taxonomy":"category","embeddable":true,"href":"https:\/\/jornalcorporativo.com.br\/en\/wp-json\/wp\/v2\/categories?post=26096"},{"taxonomy":"post_tag","embeddable":true,"href":"https:\/\/jornalcorporativo.com.br\/en\/wp-json\/wp\/v2\/tags?post=26096"}],"curies":[{"name":"wp","href":"https:\/\/api.w.org\/{rel}","templated":true}]}}