{"id":26281,"date":"2026-05-28T16:01:20","date_gmt":"2026-05-28T19:01:20","guid":{"rendered":"https:\/\/jornalcorporativo.com.br\/redacao\/controladoria-df-falhas-repasse-5-5-milhoes-expodireito-2026\/"},"modified":"2026-05-28T16:01:20","modified_gmt":"2026-05-28T19:01:20","slug":"controladoria-df-falhas-repasse-5-5-milhoes-expodireito-2026","status":"publish","type":"post","link":"https:\/\/jornalcorporativo.com.br\/en\/justica-em-foco\/controladoria-df-falhas-repasse-5-5-milhoes-expodireito-2026\/","title":{"rendered":"Controladoria do DF aponta falhas em repasse de R$ 5,5 milh\u00f5es para evento coordenado por s\u00f3cio de Ibaneis"},"content":{"rendered":"<h2>Irregularidades identificadas em patroc\u00ednio governamental<\/h2>\n<p>A Controladoria-Geral do Distrito Federal (CGDF) identificou <strong>fragilidades e riscos jur\u00eddicos significativos<\/strong> em uma opera\u00e7\u00e3o de patroc\u00ednio do governo distrital destinada ao ExpoDireito 2026. O evento, de car\u00e1ter privado, possui coordena\u00e7\u00e3o acad\u00eamica sob responsabilidade de um s\u00f3cio do governador Ibaneis Rocha, levantando questionamentos sobre poss\u00edveis conflitos de interesse e procedimentos administrativos inadequados.<\/p>\n<h2>Contexto da investiga\u00e7\u00e3o da Controladoria<\/h2>\n<p>O montante de <strong>R$ 5,5 milh\u00f5es<\/strong> foi objeto de an\u00e1lise detalhada pela Controladoria-Geral do Distrito Federal, \u00f3rg\u00e3o respons\u00e1vel por fiscalizar a execu\u00e7\u00e3o or\u00e7ament\u00e1ria e a aplica\u00e7\u00e3o de recursos p\u00fablicos no \u00e2mbito do Distrito Federal. A investiga\u00e7\u00e3o revelou diversos pontos cr\u00edticos que comprometem a legalidade e a transpar\u00eancia da opera\u00e7\u00e3o financeira.<\/p>\n<h3>Fragilidades administrativas encontradas<\/h3>\n<p>As fragilidades identificadas pela CGDF incluem procedimentos inadequados na formaliza\u00e7\u00e3o do patroc\u00ednio, aus\u00eancia de documenta\u00e7\u00e3o suficiente que justifique o investimento p\u00fablico em evento privado, e potenciais viola\u00e7\u00f5es de normas de licita\u00e7\u00e3o e contrata\u00e7\u00e3o. Tais quest\u00f5es colocam em risco a integridade do processo administrativo e abrem precedentes preocupantes para o uso de recursos p\u00fablicos.<\/p>\n<h3>Conflitos de interesse e quest\u00f5es \u00e9ticas<\/h3>\n<p>A participa\u00e7\u00e3o de um <strong>s\u00f3cio do governador na coordena\u00e7\u00e3o acad\u00eamica<\/strong> do evento levanta quest\u00f5es \u00e9ticas substantivas sobre conflito de interesse. Este cen\u00e1rio suscita d\u00favidas leg\u00edtimas sobre a imparcialidade das decis\u00f5es administrativas envolvidas na aloca\u00e7\u00e3o dos recursos governamentais, independentemente das inten\u00e7\u00f5es originais por tr\u00e1s do patroc\u00ednio.<\/p>\n<h2>Implica\u00e7\u00f5es para a administra\u00e7\u00e3o p\u00fablica<\/h2>\n<p>Esse caso exemplifica a import\u00e2ncia da atua\u00e7\u00e3o fiscalizadora dos \u00f3rg\u00e3os de controle interno. A Controladoria-Geral do Distrito Federal, ao apontar essas irregularidades, cumpre seu papel fundamental de proteger o er\u00e1rio p\u00fablico e garantir que os recursos sejam aplicados de forma apropriada, legal e transparente. As conclus\u00f5es dessa an\u00e1lise podem servir como base para poss\u00edveis investiga\u00e7\u00f5es adicionais e corre\u00e7\u00f5es administrativas necess\u00e1rias.<\/p>\n<h3>Pr\u00f3ximos passos esperados<\/h3>\n<p>Com a identifica\u00e7\u00e3o dessas fragilidades, espera-se que haja <strong>medidas corretivas apropriadas<\/strong> por parte da administra\u00e7\u00e3o distrital. Isso pode incluir revis\u00e3o dos procedimentos, ajustes na documenta\u00e7\u00e3o, poss\u00edvel devolu\u00e7\u00e3o de recursos mal aplicados, ou at\u00e9 investiga\u00e7\u00f5es mais aprofundadas sobre as circunst\u00e2ncias que permitiram que esse patroc\u00ednio fosse formalizado sem as devidas salvaguardas administrativas e legais.<\/p>\n<p>A transpar\u00eancia e a accountability s\u00e3o pilares fundamentais da boa administra\u00e7\u00e3o p\u00fablica, e casos como este refor\u00e7am a necessidade de vigil\u00e2ncia constante sobre o uso dos recursos que pertencem a toda a sociedade.<\/p>","protected":false},"excerpt":{"rendered":"<p>Controladoria-Geral do DF encontra falhas em repasse de R$ 5,5 milh\u00f5es para evento privado coordenado por s\u00f3cio de Ibaneis Rocha<\/p>","protected":false},"author":4,"featured_media":26274,"comment_status":"open","ping_status":"open","sticky":false,"template":"","format":"standard","meta":{"googlesitekit_rrm_CAow6MXMDA:productID":"","footnotes":""},"categories":[39],"tags":[],"class_list":["post-26281","post","type-post","status-publish","format-standard","has-post-thumbnail","hentry","category-justica-em-foco"],"brizy_media":[],"_links":{"self":[{"href":"https:\/\/jornalcorporativo.com.br\/en\/wp-json\/wp\/v2\/posts\/26281","targetHints":{"allow":["GET"]}}],"collection":[{"href":"https:\/\/jornalcorporativo.com.br\/en\/wp-json\/wp\/v2\/posts"}],"about":[{"href":"https:\/\/jornalcorporativo.com.br\/en\/wp-json\/wp\/v2\/types\/post"}],"author":[{"embeddable":true,"href":"https:\/\/jornalcorporativo.com.br\/en\/wp-json\/wp\/v2\/users\/4"}],"replies":[{"embeddable":true,"href":"https:\/\/jornalcorporativo.com.br\/en\/wp-json\/wp\/v2\/comments?post=26281"}],"version-history":[{"count":0,"href":"https:\/\/jornalcorporativo.com.br\/en\/wp-json\/wp\/v2\/posts\/26281\/revisions"}],"wp:featuredmedia":[{"embeddable":true,"href":"https:\/\/jornalcorporativo.com.br\/en\/wp-json\/wp\/v2\/media\/26274"}],"wp:attachment":[{"href":"https:\/\/jornalcorporativo.com.br\/en\/wp-json\/wp\/v2\/media?parent=26281"}],"wp:term":[{"taxonomy":"category","embeddable":true,"href":"https:\/\/jornalcorporativo.com.br\/en\/wp-json\/wp\/v2\/categories?post=26281"},{"taxonomy":"post_tag","embeddable":true,"href":"https:\/\/jornalcorporativo.com.br\/en\/wp-json\/wp\/v2\/tags?post=26281"}],"curies":[{"name":"wp","href":"https:\/\/api.w.org\/{rel}","templated":true}]}}