{"id":26442,"date":"2026-06-01T12:01:19","date_gmt":"2026-06-01T15:01:19","guid":{"rendered":"https:\/\/jornalcorporativo.com.br\/redacao\/torcedor-psg-morre-afogado-rio-sena-liga-dos-campeoes\/"},"modified":"2026-06-01T12:01:19","modified_gmt":"2026-06-01T15:01:19","slug":"torcedor-psg-morre-afogado-rio-sena-liga-dos-campeoes","status":"publish","type":"post","link":"https:\/\/jornalcorporativo.com.br\/en\/internacional\/torcedor-psg-morre-afogado-rio-sena-liga-dos-campeoes\/","title":{"rendered":"Trag\u00e9dia no Rio Sena: Torcedor do PSG morre afogado durante celebra\u00e7\u00f5es hist\u00f3ricas da Liga dos Campe\u00f5es"},"content":{"rendered":"<h2>Uma Conquista Marcada por Trag\u00e9dias<\/h2>\n<p>O Paris Saint-Germain alcan\u00e7ou um marco hist\u00f3rico ao conquistar seu primeiro t\u00edtulo da Liga dos Campe\u00f5es, derrotando o Arsenal em uma partida memor\u00e1vel. No entanto, a celebra\u00e7\u00e3o desta vit\u00f3ria monumental foi ofuscada por incidentes tr\u00e1gicos que deixaram v\u00edtimas fatais nas ruas de Paris e nas \u00e1guas do famoso Rio Sena.<\/p>\n<h2>O Afogamento Tr\u00e1gico<\/h2>\n<p>Um <strong>torcedor do PSG morreu afogado<\/strong> ap\u00f3s pular nas \u00e1guas do Rio Sena durante as comemora\u00e7\u00f5es pela conquista do t\u00edtulo europeu. O corpo da v\u00edtima, um homem aproximadamente 30 anos de idade, foi localizado na manh\u00e3 de domingo pr\u00f3ximo \u00e0 Ponte Lu\u00eds Filipe, nas proximidades da ic\u00f4nica Catedral de Notre-Dame, em Paris.<\/p>\n<p>Equipes especializadas da pol\u00edcia fluvial francesa conseguiram retirar o homem da \u00e1gua por volta das 7h da manh\u00e3, hor\u00e1rio local. Apesar dos esfor\u00e7os imediatos das equipes de emerg\u00eancia em tentar reanimar a v\u00edtima, as tentativas se mostraram infrut\u00edferas. Testemunhas presentes nas celebra\u00e7\u00f5es relataram que o torcedor estava consumindo bebidas alco\u00f3licas antes de se lan\u00e7ar ao rio.<\/p>\n<h3>Investiga\u00e7\u00e3o Aberta pelas Autoridades<\/h3>\n<p>O Minist\u00e9rio P\u00fablico franc\u00eas abriu uma <strong>investiga\u00e7\u00e3o formal<\/strong> para esclarecer todas as circunst\u00e2ncias que envolveram a morte do torcedor. As autoridades solicitaram que todas as pessoas que estavam na regi\u00e3o durante o incidente prestem depoimento e forne\u00e7am informa\u00e7\u00f5es relevantes sobre o ocorrido.<\/p>\n<h2>Outros Incidentes Graves<\/h2>\n<p>Al\u00e9m da morte por afogamento, outro homem que tamb\u00e9m entrou nas \u00e1guas do Sena durante as comemora\u00e7\u00f5es permanece hospitalizado em <strong>estado cr\u00edtico<\/strong>. Este indiv\u00edduo sofreu uma parada card\u00edaca enquanto estava no rio e precisou ser resgatado por equipes de emerg\u00eancia antes de ser transportado para uma unidade hospitalar da capital francesa.<\/p>\n<p>A viol\u00eancia durante o fim de semana de celebra\u00e7\u00f5es resultou em uma segunda morte confirmada. Um jovem de apenas 23 anos perdeu a vida ap\u00f3s sofrer uma colis\u00e3o entre a motocicleta que conduzia e um bloco de concreto localizado no anel vi\u00e1rio de Paris, durante a madrugada de domingo.<\/p>\n<h2>Confrontos e Dist\u00farbios nas Ruas<\/h2>\n<p>As celebra\u00e7\u00f5es pela hist\u00f3rica conquista europeia foram marcadas por <strong>confrontos significativos<\/strong> entre torcedores e for\u00e7as de seguran\u00e7a p\u00fablica. Segundo dados oficiais das autoridades francesas, aproximadamente <strong>790 pessoas foram detidas<\/strong> ao longo do fim de semana de celebra\u00e7\u00f5es.<\/p>\n<p>Registros fotogr\u00e1ficos e v\u00eddeos divulgados pela imprensa internacional documentaram cenas de inc\u00eandios em vias p\u00fablicas, destrui\u00e7\u00e3o de bicicletas compartilhadas, mobili\u00e1rio urbano danificado e confrontos diretos entre grupos organizados de torcedores e policiais equipados com equipamento antimotim completo.<\/p>\n<h2>Celebra\u00e7\u00e3o Pac\u00edfica em Contraste<\/h2>\n<p>Apesar dos epis\u00f3dios violentos e das trag\u00e9dias ocorridas, \u00e9 importante destacar que <strong>milhares de torcedores celebraram pacificamente<\/strong> a conquista hist\u00f3rica do PSG. A conquista da Liga dos Campe\u00f5es representa o \u00e1pice de anos de investimento significativo, contrata\u00e7\u00f5es de alto custo e m\u00faltiplas tentativas anteriores que n\u00e3o obtiveram \u00eaxito.<\/p>\n<p>Este t\u00edtulo europeu marca um momento transformador na hist\u00f3ria do clube parisiense, consolidando seu lugar entre as pot\u00eancias do futebol europeu, embora as circunst\u00e2ncias tr\u00e1gicas das celebra\u00e7\u00f5es permane\u00e7am como um lembrete sombrio dos riscos associados a grandes aglomera\u00e7\u00f5es e celebra\u00e7\u00f5es descontroladas.<\/p>\n<h3>Continua\u00e7\u00e3o das Investiga\u00e7\u00f5es<\/h3>\n<p>As investiga\u00e7\u00f5es oficiais sobre as mortes registradas e os dist\u00farbios que ocorreram durante as celebra\u00e7\u00f5es continuam em desenvolvimento pelas autoridades competentes francesas, que buscam esclarecer todos os detalhes e responsabilidades envolvidas nos incidentes reportados.<\/p>","protected":false},"excerpt":{"rendered":"<p>Torcedor do PSG morre afogado no Rio Sena durante celebra\u00e7\u00f5es da Liga dos Campe\u00f5es. Confira detalhes do incidente e outros confrontos em Paris.<\/p>","protected":false},"author":4,"featured_media":26440,"comment_status":"open","ping_status":"open","sticky":false,"template":"","format":"standard","meta":{"googlesitekit_rrm_CAow6MXMDA:productID":"","footnotes":""},"categories":[2],"tags":[],"class_list":["post-26442","post","type-post","status-publish","format-standard","has-post-thumbnail","hentry","category-internacional"],"brizy_media":[],"_links":{"self":[{"href":"https:\/\/jornalcorporativo.com.br\/en\/wp-json\/wp\/v2\/posts\/26442","targetHints":{"allow":["GET"]}}],"collection":[{"href":"https:\/\/jornalcorporativo.com.br\/en\/wp-json\/wp\/v2\/posts"}],"about":[{"href":"https:\/\/jornalcorporativo.com.br\/en\/wp-json\/wp\/v2\/types\/post"}],"author":[{"embeddable":true,"href":"https:\/\/jornalcorporativo.com.br\/en\/wp-json\/wp\/v2\/users\/4"}],"replies":[{"embeddable":true,"href":"https:\/\/jornalcorporativo.com.br\/en\/wp-json\/wp\/v2\/comments?post=26442"}],"version-history":[{"count":0,"href":"https:\/\/jornalcorporativo.com.br\/en\/wp-json\/wp\/v2\/posts\/26442\/revisions"}],"wp:featuredmedia":[{"embeddable":true,"href":"https:\/\/jornalcorporativo.com.br\/en\/wp-json\/wp\/v2\/media\/26440"}],"wp:attachment":[{"href":"https:\/\/jornalcorporativo.com.br\/en\/wp-json\/wp\/v2\/media?parent=26442"}],"wp:term":[{"taxonomy":"category","embeddable":true,"href":"https:\/\/jornalcorporativo.com.br\/en\/wp-json\/wp\/v2\/categories?post=26442"},{"taxonomy":"post_tag","embeddable":true,"href":"https:\/\/jornalcorporativo.com.br\/en\/wp-json\/wp\/v2\/tags?post=26442"}],"curies":[{"name":"wp","href":"https:\/\/api.w.org\/{rel}","templated":true}]}}