{"id":26492,"date":"2026-06-02T16:01:02","date_gmt":"2026-06-02T19:01:02","guid":{"rendered":"https:\/\/jornalcorporativo.com.br\/redacao\/menino-12-anos-morto-bala-perdida-pavuna\/"},"modified":"2026-06-02T16:01:02","modified_gmt":"2026-06-02T19:01:02","slug":"menino-12-anos-morto-bala-perdida-pavuna","status":"publish","type":"post","link":"https:\/\/jornalcorporativo.com.br\/en\/brasil\/menino-12-anos-morto-bala-perdida-pavuna\/","title":{"rendered":"Trag\u00e9dia na Pavuna: Menino de 12 Anos \u00e9 Despedido Ap\u00f3s Ser Morto por Bala Perdida"},"content":{"rendered":"<h2>Uma Despedida Marcada pela Como\u00e7\u00e3o e Dor<\/h2>\n<p>O vel\u00f3rio de Bento Costa Petillo Bezze, de apenas 12 anos, ocorreu na manh\u00e3 de ter\u00e7a-feira no Cemit\u00e9rio de Inha\u00fama, localizado na Zona Norte do Rio de Janeiro. O menino foi v\u00edtima de uma <strong>bala perdida<\/strong> no \u00faltimo domingo, em um tr\u00e1gico incidente ocorrido na Pavuna. A cerim\u00f4nia foi marcada por intensa como\u00e7\u00e3o de parentes e amigos, que se despediram de uma crian\u00e7a descrita por todos como amorosa, brincalhona e muito ligada \u00e0 fam\u00edlia.<\/p>\n<p>Coroas de flores se acumulavam ao longo do cemit\u00e9rio, enquanto pessoas chegavam continuamente para prestar as \u00faltimas homenagens ao jovem Bento. A dor da fam\u00edlia era vis\u00edvel em cada rosto presente na despedida. Uma mulher sussurrou para si mesma, expressando os sentimentos contradit\u00f3rios que tomavam conta de todos: <strong>&#8220;\u00c9 uma mistura de sentimentos: tristeza, dor e revolta&#8221;<\/strong>.<\/p>\n<h2>O Sofrimento da Fam\u00edlia<\/h2>\n<p>A m\u00e3e de Bento chegou \u00e0 capela em l\u00e1grimas, expressando aos gritos a <strong>saudade do filho<\/strong>. O pai, por sua vez, chamava aten\u00e7\u00e3o pela postura cabisbaixa, com o rosto inchado e avermelhado de tanto chorar. Ele entrava e sa\u00eda da capela onde se encontrava o corpo do filho constantemente, sendo amparado pelo tio de Bento, Daniel de Castro. Os irm\u00e3os Enzo, de 13 anos, e Kau\u00e3, de 18 anos, tamb\u00e9m acompanhavam a despedida naquele momento de profundo sofrimento.<\/p>\n<p>Amigos e familiares chegaram ao cemit\u00e9rio em um \u00f4nibus que saiu do Condom\u00ednio Green House I, onde Bento morava com a m\u00e3e, a av\u00f3 e seus dois irm\u00e3os. O trajeto representava uma \u00faltima jornada juntos em mem\u00f3ria do menino.<\/p>\n<h2>Os Detalhes da Trag\u00e9dia<\/h2>\n<p>Bento estava participando de uma festa de <strong>Primeira Eucaristia<\/strong> de sua amiga Eduarda, da mesma idade, quando ocorreu o disparo fatal. O menino estava acompanhado de seu irm\u00e3o Enzo no momento do incidente. Ap\u00f3s ser atingido no peito pela bala perdida, Bento gritou &#8220;bala! bala!&#8221; e caiu no colo do irm\u00e3o. Moradores do local o socorreram imediatamente, levando-o ao Hospital Santa Teresinha em S\u00e3o Jo\u00e3o de Meriti, na Baixada Fluminense, onde n\u00e3o resistiu aos ferimentos.<\/p>\n<h2>Investiga\u00e7\u00e3o Policial em Andamento<\/h2>\n<p>A Pol\u00edcia Militar, atrav\u00e9s de agentes do 41\u00ba BPM (Iraj\u00e1), foi acionada para uma ocorr\u00eancia de disparo de arma de fogo na Rua Capit\u00e3o Gouveia. As investiga\u00e7\u00f5es apontam que o disparo pode ter sido feito durante a comemora\u00e7\u00e3o de anivers\u00e1rio de <strong>Douglas Oliveira dos Santos<\/strong>, conhecido como Geremias ou Pudim, apontado como chefe do tr\u00e1fico do Morro da Quitanda, em Costa Barros. O criminoso, filiado ao Terceiro Comando Puro (TCP), completava 34 anos naquele dia.<\/p>\n<p>O caso evidencia a grave realidade da viol\u00eancia urbana no Rio de Janeiro, onde <strong>balas perdidas<\/strong> continuam tirando vidas inocentes, especialmente de crian\u00e7as e adolescentes. A morte de Bento deixa um vazio irrepar\u00e1vel em sua fam\u00edlia e comunidade, refor\u00e7ando a necessidade urgente de medidas efetivas para combater a criminalidade e proteger vidas.<\/p>","protected":false},"excerpt":{"rendered":"<p>Menino de 12 anos \u00e9 despedido ap\u00f3s ser morto por bala perdida na Pavuna, Rio de Janeiro. Investiga\u00e7\u00e3o aponta poss\u00edvel liga\u00e7\u00e3o com tr\u00e1fico.<\/p>","protected":false},"author":4,"featured_media":26489,"comment_status":"open","ping_status":"open","sticky":false,"template":"","format":"standard","meta":{"googlesitekit_rrm_CAow6MXMDA:productID":"","footnotes":""},"categories":[36],"tags":[],"class_list":["post-26492","post","type-post","status-publish","format-standard","has-post-thumbnail","hentry","category-brasil"],"brizy_media":[],"_links":{"self":[{"href":"https:\/\/jornalcorporativo.com.br\/en\/wp-json\/wp\/v2\/posts\/26492","targetHints":{"allow":["GET"]}}],"collection":[{"href":"https:\/\/jornalcorporativo.com.br\/en\/wp-json\/wp\/v2\/posts"}],"about":[{"href":"https:\/\/jornalcorporativo.com.br\/en\/wp-json\/wp\/v2\/types\/post"}],"author":[{"embeddable":true,"href":"https:\/\/jornalcorporativo.com.br\/en\/wp-json\/wp\/v2\/users\/4"}],"replies":[{"embeddable":true,"href":"https:\/\/jornalcorporativo.com.br\/en\/wp-json\/wp\/v2\/comments?post=26492"}],"version-history":[{"count":0,"href":"https:\/\/jornalcorporativo.com.br\/en\/wp-json\/wp\/v2\/posts\/26492\/revisions"}],"wp:featuredmedia":[{"embeddable":true,"href":"https:\/\/jornalcorporativo.com.br\/en\/wp-json\/wp\/v2\/media\/26489"}],"wp:attachment":[{"href":"https:\/\/jornalcorporativo.com.br\/en\/wp-json\/wp\/v2\/media?parent=26492"}],"wp:term":[{"taxonomy":"category","embeddable":true,"href":"https:\/\/jornalcorporativo.com.br\/en\/wp-json\/wp\/v2\/categories?post=26492"},{"taxonomy":"post_tag","embeddable":true,"href":"https:\/\/jornalcorporativo.com.br\/en\/wp-json\/wp\/v2\/tags?post=26492"}],"curies":[{"name":"wp","href":"https:\/\/api.w.org\/{rel}","templated":true}]}}