{"id":26524,"date":"2026-06-03T12:01:08","date_gmt":"2026-06-03T15:01:08","guid":{"rendered":"https:\/\/jornalcorporativo.com.br\/redacao\/messi-premio-princesa-asturias-2026-carreira-futebol\/"},"modified":"2026-06-03T12:01:08","modified_gmt":"2026-06-03T15:01:08","slug":"messi-premio-princesa-asturias-2026-carreira-futebol","status":"publish","type":"post","link":"https:\/\/jornalcorporativo.com.br\/en\/esportes\/messi-premio-princesa-asturias-2026-carreira-futebol\/","title":{"rendered":"Lionel Messi recebe Pr\u00eamio Princesa das Ast\u00farias 2026: reconhecimento \u00e0 carreira lend\u00e1ria e trabalho social"},"content":{"rendered":"<h2>Messi homenageado com pr\u00eamio de grande prest\u00edgio internacional<\/h2>\n<p>Lionel Messi recebeu nesta quarta-feira, na Espanha, o Pr\u00eamio Princesa das Ast\u00farias dos Esportes de 2026, uma das maiores honrarias do mundo ibero-americano. O reconhecimento celebra n\u00e3o apenas sua extraordin\u00e1ria carreira no futebol, mas tamb\u00e9m seu comprometimento com trabalhos solid\u00e1rios em favor de crian\u00e7as em situa\u00e7\u00e3o de vulnerabilidade.<\/p>\n<p>O j\u00fari respons\u00e1vel pela sele\u00e7\u00e3o do argentino o definiu como o <strong>&#8220;futebolista mais bem-sucedido de todos os tempos&#8221;<\/strong>, ressaltando sua relev\u00e2ncia tanto nos aspectos esportivos quanto pessoais. A decis\u00e3o destaca que Messi conquistou o respeito e admira\u00e7\u00e3o universal n\u00e3o apenas por suas habilidades t\u00e9cnicas incompar\u00e1veis, mas tamb\u00e9m por seu comportamento exemplar dentro de campo.<\/p>\n<h2>Reconhecimento \u00e0 trajet\u00f3ria de excel\u00eancia e humildade<\/h2>\n<p>O texto oficial do j\u00fari, lido pela paranadadora espanhola Teresa Perales, presidente da comiss\u00e3o julgadora, afirma: <strong>&#8220;Messi, o jogador que conquistou mais t\u00edtulos na hist\u00f3ria do futebol, tamb\u00e9m conquistou o respeito e a admira\u00e7\u00e3o de todos por seu comportamento exemplar, const\u00e2ncia, humildade e compromisso com o jogo coletivo&#8221;<\/strong>.<\/p>\n<p>A premia\u00e7\u00e3o reconhece n\u00e3o apenas o talento deslumbrante do craque, mas tamb\u00e9m sua <strong>excepcional trajet\u00f3ria esportiva<\/strong> acompanhada de um formid\u00e1vel e cont\u00ednuo trabalho solid\u00e1rio. Por meio de sua funda\u00e7\u00e3o, Messi tem promovido o acesso \u00e0 educa\u00e7\u00e3o e aos cuidados de sa\u00fade das crian\u00e7as mais desfavorecidas, demonstrando comprometimento social al\u00e9m dos gramados.<\/p>\n<h2>N\u00fameros impressionantes e legado no futebol<\/h2>\n<p>Aos 38 anos, prestes a completar 39, Messi acumula <strong>47 t\u00edtulos e oito Bolas de Ouro<\/strong> em sua carreira. Construiu a maior parte de sua trajet\u00f3ria no Barcelona, clube ao qual chegou crian\u00e7a e onde se transformou em um dos maiores nomes da hist\u00f3ria do esporte. Conhecido na inf\u00e2ncia pelo apelido &#8220;La Pulga&#8221; em refer\u00eancia \u00e0 baixa estatura, o argentino conquistou admira\u00e7\u00e3o mundial tanto por sua lideran\u00e7a dentro de campo quanto por sua const\u00e2ncia.<\/p>\n<p>Ap\u00f3s deixar o Barcelona em 2021, Messi atuou duas temporadas no Paris Saint-Germain e, desde 2023, integra o elenco do Inter Miami, nos Estados Unidos. Apesar das mudan\u00e7as de clubes, mant\u00e9m uma carreira muito regular ao longo do tempo, caracterizada por excel\u00eancia cont\u00ednua.<\/p>\n<h2>Sobre os Pr\u00eamios Princesa das Ast\u00farias<\/h2>\n<p>Institu\u00eddos em 1981, os <strong>Pr\u00eamios Princesa das Ast\u00farias<\/strong> s\u00e3o considerados entre os mais prestigiosos do mundo ibero-americano. A edi\u00e7\u00e3o de 2026 contou com 27 candidaturas de 12 nacionalidades diferentes na categoria de Esportes. Cada pr\u00eamio \u00e9 acompanhado de dota\u00e7\u00e3o de 50 mil euros (aproximadamente US$ 58 mil) e uma escultura criada pelo renomado artista catal\u00e3o Joan Mir\u00f3.<\/p>\n<p>Messi se une a uma lista not\u00e1vel de vencedores anteriores, incluindo a tenista americana Serena Williams, Rafael Nadal, Iker Casillas, Xavi Hern\u00e1ndez, al\u00e9m da sele\u00e7\u00e3o brasileira de futebol e outras institui\u00e7\u00f5es esportivas de relev\u00e2ncia global.<\/p>\n<h2>Cerim\u00f4nia de entrega em outubro<\/h2>\n<p>A entrega oficial dos pr\u00eamios ocorrer\u00e1 em outubro, em Oviedo, pelas m\u00e3os da princesa Leonor e dos reis Felipe VI e Letizia. A cerim\u00f4nia marca o reconhecimento formal de todas as categorias de 2026, incluindo as Artes, Comunica\u00e7\u00e3o e Humanidades, Pesquisa Cient\u00edfica, Coopera\u00e7\u00e3o Internacional e Ci\u00eancias Sociais.<\/p>\n<p>O Barcelona celebrou a premia\u00e7\u00e3o nas redes sociais, reconhecendo o galard\u00e3o como <strong>&#8220;um reconhecimento merecido a uma trajet\u00f3ria extraordin\u00e1ria, marcada por seu legado no Bar\u00e7a e por uma carreira repleta de \u00eaxitos&#8221;<\/strong>. O clube catal\u00e3o reafirma a import\u00e2ncia de Messi em sua hist\u00f3ria institucional e no futebol mundial.<\/p>","protected":false},"excerpt":{"rendered":"<p>Messi recebe Pr\u00eamio Princesa das Ast\u00farias 2026 por carreira lend\u00e1ria e trabalho social com crian\u00e7as vulner\u00e1veis na Espanha.<\/p>","protected":false},"author":4,"featured_media":26522,"comment_status":"open","ping_status":"open","sticky":false,"template":"","format":"standard","meta":{"googlesitekit_rrm_CAow6MXMDA:productID":"","footnotes":""},"categories":[6],"tags":[],"class_list":["post-26524","post","type-post","status-publish","format-standard","has-post-thumbnail","hentry","category-esportes"],"brizy_media":[],"_links":{"self":[{"href":"https:\/\/jornalcorporativo.com.br\/en\/wp-json\/wp\/v2\/posts\/26524","targetHints":{"allow":["GET"]}}],"collection":[{"href":"https:\/\/jornalcorporativo.com.br\/en\/wp-json\/wp\/v2\/posts"}],"about":[{"href":"https:\/\/jornalcorporativo.com.br\/en\/wp-json\/wp\/v2\/types\/post"}],"author":[{"embeddable":true,"href":"https:\/\/jornalcorporativo.com.br\/en\/wp-json\/wp\/v2\/users\/4"}],"replies":[{"embeddable":true,"href":"https:\/\/jornalcorporativo.com.br\/en\/wp-json\/wp\/v2\/comments?post=26524"}],"version-history":[{"count":0,"href":"https:\/\/jornalcorporativo.com.br\/en\/wp-json\/wp\/v2\/posts\/26524\/revisions"}],"wp:featuredmedia":[{"embeddable":true,"href":"https:\/\/jornalcorporativo.com.br\/en\/wp-json\/wp\/v2\/media\/26522"}],"wp:attachment":[{"href":"https:\/\/jornalcorporativo.com.br\/en\/wp-json\/wp\/v2\/media?parent=26524"}],"wp:term":[{"taxonomy":"category","embeddable":true,"href":"https:\/\/jornalcorporativo.com.br\/en\/wp-json\/wp\/v2\/categories?post=26524"},{"taxonomy":"post_tag","embeddable":true,"href":"https:\/\/jornalcorporativo.com.br\/en\/wp-json\/wp\/v2\/tags?post=26524"}],"curies":[{"name":"wp","href":"https:\/\/api.w.org\/{rel}","templated":true}]}}