{"id":27349,"date":"2026-07-16T12:00:22","date_gmt":"2026-07-16T15:00:22","guid":{"rendered":"https:\/\/jornalcorporativo.com.br\/redacao\/argentina-comemora-classificacao-final-copa-2026-antartida\/"},"modified":"2026-07-16T12:00:22","modified_gmt":"2026-07-16T15:00:22","slug":"argentina-comemora-classificacao-final-copa-2026-antartida","status":"publish","type":"post","link":"https:\/\/jornalcorporativo.com.br\/en\/esportes\/argentina-comemora-classificacao-final-copa-2026-antartida\/","title":{"rendered":"Argentina celebra classifica\u00e7\u00e3o para final da Copa 2026 at\u00e9 na Ant\u00e1rtida: v\u00eddeo emocionante da Base Esperanza"},"content":{"rendered":"<h2>A Paix\u00e3o pelo Futebol Atravessa o Continente Gelado<\/h2>\n<p>A classifica\u00e7\u00e3o da Argentina para a final da Copa do Mundo de 2026 transcendeu fronteiras geogr\u00e1ficas de forma impressionante. Em um dos lugares mais isolados e in\u00f3spitos do planeta, moradores da Base Esperanza reuniram-se para testemunhar e comemorar a vit\u00f3ria por 2 a 1 sobre a Inglaterra na semifinal. O v\u00eddeo que captura este momento hist\u00f3rico rapidamente se tornou viral nas redes sociais, demonstrando que a paix\u00e3o pelo futebol conhece limites geogr\u00e1ficos inexistentes.<\/p>\n<p>As imagens foram compartilhadas pelo professor Gustavo Olivera, docente da Escola Provincial N\u00ba 38, instalada dentro da base cient\u00edfica. As cenas mostram um grupo entusiasmado de adultos e crian\u00e7as agitando bandeiras argentinas, abra\u00e7ando-se mutuamente e explodindo em festa quando o \u00e1rbitro apitou o final da partida. A alegria \u00e9 palp\u00e1vel mesmo atrav\u00e9s da tela, com os participantes celebrando a vaga garantida na decis\u00e3o do Mundial de forma espont\u00e2nea e genu\u00edna.<\/p>\n<h2>Base Esperanza: Uma Comunidade \u00danica na Ant\u00e1rtida<\/h2>\n<p>Mantida pela Argentina desde 1952, a Base Esperanza est\u00e1 estrategicamente localizada na Pen\u00ednsula Ant\u00e1rtica e representa uma institui\u00e7\u00e3o singular entre as instala\u00e7\u00f5es de pesquisa do continente. Diferentemente da maioria das esta\u00e7\u00f5es cient\u00edficas espalhadas pela regi\u00e3o, esta base n\u00e3o \u00e9 apenas um local de pesquisa tempor\u00e1rio, mas abriga fam\u00edlias durante todo o ano. Esta caracter\u00edstica \u00fanica torna a celebra\u00e7\u00e3o do futebol na base ainda mais significativa, revelando como a vida cotidiana persiste mesmo nos ambientes mais desafiadores do planeta.<\/p>\n<p>A infraestrutura da Base Esperanza \u00e9 surpreendentemente completa para um local t\u00e3o remoto. Al\u00e9m dos laborat\u00f3rios cient\u00edficos essenciais para pesquisa clim\u00e1tica e ambiental, a base disp\u00f5e de escola, hospital, capela, esta\u00e7\u00e3o de r\u00e1dio e at\u00e9 uma ag\u00eancia dos Correios. Esta estrutura abrangente permite que uma pequena comunidade permanente funcione regularmente, composta por militares, pesquisadores, profissionais civis e suas respectivas fam\u00edlias, criando um microcosmo de civiliza\u00e7\u00e3o no cora\u00e7\u00e3o da regi\u00e3o mais gelada da Terra.<\/p>\n<h2>Hist\u00f3ria e Significado da Esta\u00e7\u00e3o Ant\u00e1rtica<\/h2>\n<p>A Base Esperanza ocupa um lugar singular e importante na hist\u00f3ria da explora\u00e7\u00e3o ant\u00e1rtica. Em 1978, a esta\u00e7\u00e3o foi palco de um evento extraordin\u00e1rio: o nascimento de Emilio Marcos Palma, reconhecido internacionalmente como o primeiro ser humano a nascer no continente ant\u00e1rtico. Este marco hist\u00f3rico sublinha a import\u00e2ncia da base como um posto humano permanente em um ambiente que, por muito tempo, foi considerado inabit\u00e1vel para fam\u00edlias. A presen\u00e7a cont\u00ednua de mulheres, homens e crian\u00e7as faz da Base Esperanza uma exce\u00e7\u00e3o not\u00e1vel entre as demais instala\u00e7\u00f5es de pesquisa espalhadas pela Ant\u00e1rtida.<\/p>\n<h2>Rumo \u00e0 Final: Novo Desafio para a Argentina<\/h2>\n<p>A comemora\u00e7\u00e3o na Base Esperanza ocorreu poucas horas ap\u00f3s a vit\u00f3ria argentina sobre os ingleses, resultado que confirmou a vaga dos argentinos na final da Copa do Mundo. Os atuais campe\u00f5es mundiais agora enfrentam um novo desafio: disputar o t\u00edtulo contra a Espanha em busca do t\u00e3o almejado tetracampeonato. Esta jornada representa n\u00e3o apenas uma conquista esportiva, mas tamb\u00e9m um s\u00edmbolo de unidade que alcan\u00e7a at\u00e9 mesmo as comunidades mais isoladas do planeta, como demonstrou a tocante celebra\u00e7\u00e3o na Ant\u00e1rtida.<\/p>","protected":false},"excerpt":{"rendered":"<p>Argentina celebra classifica\u00e7\u00e3o para final da Copa 2026 na Ant\u00e1rtida. V\u00eddeo emocionante da Base Esperanza mostra comunidade festejando vit\u00f3ria sobre a Inglaterra.<\/p>","protected":false},"author":4,"featured_media":27341,"comment_status":"open","ping_status":"open","sticky":false,"template":"","format":"standard","meta":{"googlesitekit_rrm_CAow6MXMDA:productID":"","footnotes":""},"categories":[6],"tags":[],"class_list":["post-27349","post","type-post","status-publish","format-standard","has-post-thumbnail","hentry","category-esportes"],"brizy_media":[],"_links":{"self":[{"href":"https:\/\/jornalcorporativo.com.br\/en\/wp-json\/wp\/v2\/posts\/27349","targetHints":{"allow":["GET"]}}],"collection":[{"href":"https:\/\/jornalcorporativo.com.br\/en\/wp-json\/wp\/v2\/posts"}],"about":[{"href":"https:\/\/jornalcorporativo.com.br\/en\/wp-json\/wp\/v2\/types\/post"}],"author":[{"embeddable":true,"href":"https:\/\/jornalcorporativo.com.br\/en\/wp-json\/wp\/v2\/users\/4"}],"replies":[{"embeddable":true,"href":"https:\/\/jornalcorporativo.com.br\/en\/wp-json\/wp\/v2\/comments?post=27349"}],"version-history":[{"count":0,"href":"https:\/\/jornalcorporativo.com.br\/en\/wp-json\/wp\/v2\/posts\/27349\/revisions"}],"wp:featuredmedia":[{"embeddable":true,"href":"https:\/\/jornalcorporativo.com.br\/en\/wp-json\/wp\/v2\/media\/27341"}],"wp:attachment":[{"href":"https:\/\/jornalcorporativo.com.br\/en\/wp-json\/wp\/v2\/media?parent=27349"}],"wp:term":[{"taxonomy":"category","embeddable":true,"href":"https:\/\/jornalcorporativo.com.br\/en\/wp-json\/wp\/v2\/categories?post=27349"},{"taxonomy":"post_tag","embeddable":true,"href":"https:\/\/jornalcorporativo.com.br\/en\/wp-json\/wp\/v2\/tags?post=27349"}],"curies":[{"name":"wp","href":"https:\/\/api.w.org\/{rel}","templated":true}]}}