{"id":27407,"date":"2026-07-20T12:00:21","date_gmt":"2026-07-20T15:00:21","guid":{"rendered":"https:\/\/jornalcorporativo.com.br\/redacao\/ze-felipe-jatinho-bombardier-learjet-45-milhoes\/"},"modified":"2026-07-20T12:00:21","modified_gmt":"2026-07-20T15:00:21","slug":"ze-felipe-jatinho-bombardier-learjet-45-milhoes","status":"publish","type":"post","link":"https:\/\/jornalcorporativo.com.br\/en\/noticias\/ze-felipe-jatinho-bombardier-learjet-45-milhoes\/","title":{"rendered":"Z\u00e9 Felipe compra jatinho particular Bombardier Learjet 45 avaliado em milh\u00f5es"},"content":{"rendered":"<h2>Cantor celebra nova conquista na carreira com aquisi\u00e7\u00e3o de aeronave executiva<\/h2>\n<p>O cantor Z\u00e9 Felipe anunciou um novo marco em sua trajet\u00f3ria profissional. Na noite de domingo (19), o artista revelou nas redes sociais a compra de um jatinho particular, compartilhando com seus seguidores o momento especial da entrega da aeronave. Sentado na escada do avi\u00e3o, Z\u00e9 Felipe aproveitou a ocasi\u00e3o para refletir sobre sua jornada desde o in\u00edcio da carreira e celebrar essa nova fase de sucesso.<\/p>\n<h2>Reflex\u00e3o sobre a trajet\u00f3ria profissional<\/h2>\n<p>Na legenda da publica\u00e7\u00e3o, o cantor rememorou o caminho percorrido desde 2015, enfatizando que a conquista \u00e9 resultado do trabalho desenvolvido ao longo dos \u00faltimos anos. De acordo com Z\u00e9 Felipe, a dedica\u00e7\u00e3o e o esfor\u00e7o constante foram fundamentais para alcan\u00e7ar esse objetivo.<\/p>\n<p><strong>&#8220;Desde quando comecei, l\u00e1 em 2015, sempre tive ao meu lado pessoas que acreditaram em mim e no meu trabalho. Sempre trabalhei muito, buscando conquistar meu espa\u00e7o sem passar por cima de ningu\u00e9m, e hoje fico feliz demais em viver essa nova etapa da minha vida e da minha carreira&#8221;<\/strong>, escreveu o artista.<\/p>\n<h2>Gratid\u00e3o e f\u00e9 como pilares da jornada<\/h2>\n<p>Em seguida, o cantor destacou a import\u00e2ncia da f\u00e9, da fam\u00edlia e do p\u00fablico em sua trajet\u00f3ria profissional. Z\u00e9 Felipe expressou sua gratid\u00e3o por todas as pessoas que o acompanham desde o in\u00edcio de sua carreira musical.<\/p>\n<p><strong>&#8220;S\u00f3 tenho a agradecer a Deus, \u00e0 minha fam\u00edlia e a todos voc\u00eas que est\u00e3o comigo nessa caminhada desde sempre. Sei que \u00e9 s\u00f3 o come\u00e7o, voando cada dia mais alto. Toda honra e gl\u00f3ria a Deus!&#8221;<\/strong>, completou o artista em sua mensagem inspiradora.<\/p>\n<p>A publica\u00e7\u00e3o foi acompanhada pela m\u00fasica &#8220;Oh Garota Eu Quero Voc\u00ea S\u00f3 Pra Mim&#8221;, resultado de uma parceria de Z\u00e9 Felipe com artistas como Oruam, MC Tuto e Rodrigo do CN.<\/p>\n<h2>Especifica\u00e7\u00f5es e valor do Bombardier Learjet 45<\/h2>\n<p>A aeronave adquirida por Z\u00e9 Felipe \u00e9 um <strong>Bombardier Learjet 45<\/strong>, identificado com o prefixo PS-JFV. O modelo \u00e9 um jato executivo bimotor de m\u00e9dio porte, amplamente utilizado por profissionais e empres\u00e1rios que necessitam de transporte a\u00e9reo privado e eficiente.<\/p>\n<h3>Valor de mercado da aeronave<\/h3>\n<p>O Bombardier Learjet 45 tem valor estimado entre <strong>R$ 11 milh\u00f5es e R$ 22 milh\u00f5es<\/strong>, sendo que o pre\u00e7o varia de acordo com diversos fatores como o ano de fabrica\u00e7\u00e3o, estado de conserva\u00e7\u00e3o e configura\u00e7\u00f5es espec\u00edficas do avi\u00e3o. Essa faixa de pre\u00e7o posiciona a aeronave como um investimento significativo no segmento de avia\u00e7\u00e3o executiva.<\/p>\n<p>A aquisi\u00e7\u00e3o do jato particular representa n\u00e3o apenas um s\u00edmbolo de sucesso financeiro, mas tamb\u00e9m uma ferramenta pr\u00e1tica para profissionais que precisam se deslocar frequentemente entre diferentes cidades e regi\u00f5es, otimizando tempo e oferecendo maior comodidade.<\/p>","protected":false},"excerpt":{"rendered":"<p>Z\u00e9 Felipe compra Bombardier Learjet 45 avaliado entre R$ 11 e R$ 22 milh\u00f5es. Confira detalhes da nova conquista do cantor.<\/p>","protected":false},"author":4,"featured_media":27400,"comment_status":"open","ping_status":"open","sticky":false,"template":"","format":"standard","meta":{"googlesitekit_rrm_CAow6MXMDA:productID":"","footnotes":""},"categories":[269],"tags":[],"class_list":["post-27407","post","type-post","status-publish","format-standard","has-post-thumbnail","hentry","category-noticias"],"brizy_media":[],"_links":{"self":[{"href":"https:\/\/jornalcorporativo.com.br\/en\/wp-json\/wp\/v2\/posts\/27407","targetHints":{"allow":["GET"]}}],"collection":[{"href":"https:\/\/jornalcorporativo.com.br\/en\/wp-json\/wp\/v2\/posts"}],"about":[{"href":"https:\/\/jornalcorporativo.com.br\/en\/wp-json\/wp\/v2\/types\/post"}],"author":[{"embeddable":true,"href":"https:\/\/jornalcorporativo.com.br\/en\/wp-json\/wp\/v2\/users\/4"}],"replies":[{"embeddable":true,"href":"https:\/\/jornalcorporativo.com.br\/en\/wp-json\/wp\/v2\/comments?post=27407"}],"version-history":[{"count":0,"href":"https:\/\/jornalcorporativo.com.br\/en\/wp-json\/wp\/v2\/posts\/27407\/revisions"}],"wp:featuredmedia":[{"embeddable":true,"href":"https:\/\/jornalcorporativo.com.br\/en\/wp-json\/wp\/v2\/media\/27400"}],"wp:attachment":[{"href":"https:\/\/jornalcorporativo.com.br\/en\/wp-json\/wp\/v2\/media?parent=27407"}],"wp:term":[{"taxonomy":"category","embeddable":true,"href":"https:\/\/jornalcorporativo.com.br\/en\/wp-json\/wp\/v2\/categories?post=27407"},{"taxonomy":"post_tag","embeddable":true,"href":"https:\/\/jornalcorporativo.com.br\/en\/wp-json\/wp\/v2\/tags?post=27407"}],"curies":[{"name":"wp","href":"https:\/\/api.w.org\/{rel}","templated":true}]}}