{"id":27408,"date":"2026-07-20T12:00:22","date_gmt":"2026-07-20T15:00:22","guid":{"rendered":"https:\/\/jornalcorporativo.com.br\/redacao\/joao-gomes-aston-villa-wolverhampton\/"},"modified":"2026-07-20T12:00:22","modified_gmt":"2026-07-20T15:00:22","slug":"joao-gomes-aston-villa-wolverhampton","status":"publish","type":"post","link":"https:\/\/jornalcorporativo.com.br\/en\/esportes\/joao-gomes-aston-villa-wolverhampton\/","title":{"rendered":"Jo\u00e3o Gomes \u00e9 oficialmente anunciado pelo Aston Villa ap\u00f3s sa\u00edda do Wolverhampton"},"content":{"rendered":"<h2>Contrata\u00e7\u00e3o do volante brasileiro pelo Aston Villa<\/h2>\n<p>O Aston Villa anunciou oficialmente nesta segunda-feira a contrata\u00e7\u00e3o do volante brasileiro <strong>Jo\u00e3o Gomes<\/strong>, de 25 anos, que deixa o Wolverhampton para refor\u00e7ar a equipe comandada por Unai Emery. O clube ingl\u00eas confirmou a chegada do ex-jogador do Flamengo atrav\u00e9s de suas redes sociais e fechou a assinatura de um contrato de cinco temporadas com o atleta.<\/p>\n<h2>Detalhes da transfer\u00eancia e valores<\/h2>\n<p>De acordo com informa\u00e7\u00f5es da Sky Sports, a negocia\u00e7\u00e3o foi conclu\u00edda por at\u00e9 38 milh\u00f5es de libras, o equivalente a aproximadamente R$ 280 milh\u00f5es. O valor \u00e9 dividido em duas partes: 34 milh\u00f5es de libras fixos e mais 4 milh\u00f5es em b\u00f4nus condicionados ao cumprimento de metas de desempenho. Jo\u00e3o Gomes j\u00e1 havia recebido libera\u00e7\u00e3o do Wolverhampton na semana anterior para realizar os exames m\u00e9dicos necess\u00e1rios e finalizar os detalhes da transfer\u00eancia.<\/p>\n<h2>Motiva\u00e7\u00f5es do Aston Villa para a contrata\u00e7\u00e3o<\/h2>\n<p>A chegada do brasileiro ao Aston Villa ocorre em um momento de recomposi\u00e7\u00e3o do meio de campo da equipe. O clube recentemente comercializou o belga <strong>Youri Tielemans<\/strong> para o Manchester United e ainda enfrenta a aus\u00eancia prolongada de <strong>Amadou Onana<\/strong>, afastado por les\u00e3o de longa dura\u00e7\u00e3o. Esses fatores motivaram a diretoria a buscar refor\u00e7os estrat\u00e9gicos para o setor, e Jo\u00e3o Gomes surge como a solu\u00e7\u00e3o encontrada.<\/p>\n<h2>Trajet\u00f3ria de Jo\u00e3o Gomes na Europa<\/h2>\n<p>Revelado pelas categorias de base do Flamengo, Jo\u00e3o Gomes desembarcou na Inglaterra em janeiro de 2023 para ingressar no Wolverhampton. Mesmo com o rebaixamento do clube para a Championship na temporada anterior, o volante brasileiro foi um dos destaques da equipe e conquistou respeito entre torcedores e especialistas. Ao todo, disputou 130 partidas pela institui\u00e7\u00e3o, sendo 114 delas na Premier League, consolidando-se como um dos principais nomes do elenco.<\/p>\n<h2>Novo desafio europeu e Liga dos Campe\u00f5es<\/h2>\n<p>A transfer\u00eancia para o Aston Villa representa um importante salto na carreira de Jo\u00e3o Gomes em n\u00edvel europeu. Na nova casa, o meio-campista participar\u00e1 pela primeira vez da <strong>Liga dos Campe\u00f5es<\/strong>, competi\u00e7\u00e3o continental de maior prest\u00edgio. O Aston Villa garantiu sua vaga no torneio ao terminar a \u00faltima edi\u00e7\u00e3o da Premier League entre os quatro primeiros colocados, consolidando-se como uma das principais pot\u00eancias do futebol ingl\u00eas contempor\u00e2neo.<\/p>","protected":false},"excerpt":{"rendered":"<p>Jo\u00e3o Gomes \u00e9 oficialmente contratado pelo Aston Villa ap\u00f3s deixar o Wolverhampton. Confira os detalhes da transfer\u00eancia do volante brasileiro.<\/p>","protected":false},"author":4,"featured_media":27401,"comment_status":"open","ping_status":"open","sticky":false,"template":"","format":"standard","meta":{"googlesitekit_rrm_CAow6MXMDA:productID":"","footnotes":""},"categories":[6],"tags":[],"class_list":["post-27408","post","type-post","status-publish","format-standard","has-post-thumbnail","hentry","category-esportes"],"brizy_media":[],"_links":{"self":[{"href":"https:\/\/jornalcorporativo.com.br\/en\/wp-json\/wp\/v2\/posts\/27408","targetHints":{"allow":["GET"]}}],"collection":[{"href":"https:\/\/jornalcorporativo.com.br\/en\/wp-json\/wp\/v2\/posts"}],"about":[{"href":"https:\/\/jornalcorporativo.com.br\/en\/wp-json\/wp\/v2\/types\/post"}],"author":[{"embeddable":true,"href":"https:\/\/jornalcorporativo.com.br\/en\/wp-json\/wp\/v2\/users\/4"}],"replies":[{"embeddable":true,"href":"https:\/\/jornalcorporativo.com.br\/en\/wp-json\/wp\/v2\/comments?post=27408"}],"version-history":[{"count":0,"href":"https:\/\/jornalcorporativo.com.br\/en\/wp-json\/wp\/v2\/posts\/27408\/revisions"}],"wp:featuredmedia":[{"embeddable":true,"href":"https:\/\/jornalcorporativo.com.br\/en\/wp-json\/wp\/v2\/media\/27401"}],"wp:attachment":[{"href":"https:\/\/jornalcorporativo.com.br\/en\/wp-json\/wp\/v2\/media?parent=27408"}],"wp:term":[{"taxonomy":"category","embeddable":true,"href":"https:\/\/jornalcorporativo.com.br\/en\/wp-json\/wp\/v2\/categories?post=27408"},{"taxonomy":"post_tag","embeddable":true,"href":"https:\/\/jornalcorporativo.com.br\/en\/wp-json\/wp\/v2\/tags?post=27408"}],"curies":[{"name":"wp","href":"https:\/\/api.w.org\/{rel}","templated":true}]}}