{"id":27414,"date":"2026-07-20T16:00:42","date_gmt":"2026-07-20T19:00:42","guid":{"rendered":"https:\/\/jornalcorporativo.com.br\/redacao\/francisco-gil-homenageia-preta-gil-um-ano-apos-morte\/"},"modified":"2026-07-20T16:00:42","modified_gmt":"2026-07-20T19:00:42","slug":"francisco-gil-homenageia-preta-gil-um-ano-apos-morte","status":"publish","type":"post","link":"https:\/\/jornalcorporativo.com.br\/en\/noticias\/francisco-gil-homenageia-preta-gil-um-ano-apos-morte\/","title":{"rendered":"Francisco Gil homenageia Preta Gil um ano ap\u00f3s morte: &#8216;Falo de voc\u00ea o tempo todo&#8217;"},"content":{"rendered":"<h2>Homenagem tocante de Francisco Gil \u00e0 m\u00e3e Preta Gil<\/h2>\n<p>Francisco Gil, \u00fanico filho da ic\u00f4nica cantora Preta Gil, compartilhou uma emocionante homenagem \u00e0 m\u00e3e um ano ap\u00f3s sua morte. O m\u00fasico, que est\u00e1 em turn\u00ea pela Europa com a banda Gilsons, publicou um post reflexivo no qual revela como tem mantido viva a mem\u00f3ria de Preta Gil, que faleceu v\u00edtima de c\u00e2ncer de intestino.<\/p>\n<p>Na publica\u00e7\u00e3o, Francisco acompanha o texto com um \u00e1lbum de fotos que resgata momentos preciosos da fam\u00edlia: imagens dele quando crian\u00e7a com a m\u00e3e, Preta gr\u00e1vida e Sol de Maria, sua filha e neta da artista. As fotografias servem como testemunho visual de uma vida marcada por amor e conviv\u00eancia familiar intensa.<\/p>\n<h2>A presen\u00e7a que cura: mem\u00f3ria e luto<\/h2>\n<p>Em suas palavras, Francisco descreve como tem lidado com a aus\u00eancia da m\u00e3e atrav\u00e9s da celebra\u00e7\u00e3o constante de sua mem\u00f3ria. Ele revela que encheu a casa com objetos, fotos, quadros e santos que pertenceram a Preta Gil, criando um espa\u00e7o que funciona como um santu\u00e1rio emocional. Uma mudan\u00e7a not\u00e1vel em sua vida foi a ado\u00e7\u00e3o de dois c\u00e3es, Lua e Estrela, que simbolizam a transforma\u00e7\u00e3o que a perda trouxe.<\/p>\n<p>O jovem m\u00fasico destaca que tanto ele quanto sua filha Sol falam constantemente sobre Preta: riem, choram e relembram momentos vividos juntos. Para Francisco, \u00e9 exatamente essa presen\u00e7a cont\u00ednua na mem\u00f3ria que funciona como mecanismo de cura. Ele menciona que nos momentos de dor, as boas lembran\u00e7as trazem consolo, e nos momentos de saudade, o sorriso da m\u00e3e o reconforta.<\/p>\n<h2>Sinais de uma presen\u00e7a espiritual<\/h2>\n<p>Em sua homenagem, Francisco descreve experi\u00eancias que muitos enlutados relatam: ouvir a risada da m\u00e3e, sentir seu perfume e sonhar com ela quase todas as noites. Nos sonhos, conforme relata, Preta est\u00e1 sempre viva, o que refor\u00e7a uma conex\u00e3o que ele acredita ser espiritual. Ele sente que agora a m\u00e3e finalmente o conhece plenamente e o observa constantemente, o que descreve como uma responsabilidade significativa.<\/p>\n<p>O filho da artista expressa sentir o olhar de Preta, suas broncas, sua tristeza, sua alegria e seu orgulho. Essa percep\u00e7\u00e3o sensorial da presen\u00e7a materna o mant\u00e9m conectado e o impede de sucumbir ao luto. Ele afirma que n\u00e3o se permitiu cair por respeito \u00e0 mem\u00f3ria de Preta.<\/p>\n<h2>Encontrando respostas nos \u00faltimos momentos<\/h2>\n<p>Francisco revela que quando precisa de respostas ou se sente perdido, recorre \u00e0 lembran\u00e7a do \u00faltimo olhar que trocou com a m\u00e3e. Segundo ele, naquele olhar estava contido tudo o que precisava saber. Essa imagem mental se tornou um guia espiritual que o ajuda a encontrar o caminho quando enfrenta dificuldades.<\/p>\n<p>O m\u00fasico reflete sobre as m\u00faltiplas facetas de Preta Gil que carrega consigo: a m\u00e3e, a amiga, a menina, a irm\u00e3, a voz, a sabedoria e a presen\u00e7a absoluta de Deus em sua vida. Essa multiplicidade de pap\u00e9is que Preta desempenhou revela a riqueza do relacionamento que tiveram.<\/p>\n<h2>Levando a m\u00e3e conhecer a Europa<\/h2>\n<p>Atualmente em apresenta\u00e7\u00e3o numa ilha na Fran\u00e7a, Francisco menciona que o local \u00e9 do tipo que Preta gostaria, mas nunca havia visitado. Para ele, estar l\u00e1 significa levar a m\u00e3e para conhecer esse novo lugar, refor\u00e7ando a ideia de que est\u00e3o mais juntos do que nunca, mesmo ap\u00f3s um ano de sua partida. A declara\u00e7\u00e3o final de amor eterno encerra a homenagem com a afirma\u00e7\u00e3o de que seu v\u00ednculo com Preta Gil permanece inabal\u00e1vel no tempo.<\/p>","protected":false},"excerpt":{"rendered":"<p>Francisco Gil homenageia Preta Gil um ano ap\u00f3s morte com mensagem tocante: &#8216;Falo de voc\u00ea o tempo todo&#8217;. Leia a declara\u00e7\u00e3o de amor do filho.<\/p>","protected":false},"author":4,"featured_media":27410,"comment_status":"open","ping_status":"open","sticky":false,"template":"","format":"standard","meta":{"googlesitekit_rrm_CAow6MXMDA:productID":"","footnotes":""},"categories":[269],"tags":[],"class_list":["post-27414","post","type-post","status-publish","format-standard","has-post-thumbnail","hentry","category-noticias"],"brizy_media":[],"_links":{"self":[{"href":"https:\/\/jornalcorporativo.com.br\/en\/wp-json\/wp\/v2\/posts\/27414","targetHints":{"allow":["GET"]}}],"collection":[{"href":"https:\/\/jornalcorporativo.com.br\/en\/wp-json\/wp\/v2\/posts"}],"about":[{"href":"https:\/\/jornalcorporativo.com.br\/en\/wp-json\/wp\/v2\/types\/post"}],"author":[{"embeddable":true,"href":"https:\/\/jornalcorporativo.com.br\/en\/wp-json\/wp\/v2\/users\/4"}],"replies":[{"embeddable":true,"href":"https:\/\/jornalcorporativo.com.br\/en\/wp-json\/wp\/v2\/comments?post=27414"}],"version-history":[{"count":0,"href":"https:\/\/jornalcorporativo.com.br\/en\/wp-json\/wp\/v2\/posts\/27414\/revisions"}],"wp:featuredmedia":[{"embeddable":true,"href":"https:\/\/jornalcorporativo.com.br\/en\/wp-json\/wp\/v2\/media\/27410"}],"wp:attachment":[{"href":"https:\/\/jornalcorporativo.com.br\/en\/wp-json\/wp\/v2\/media?parent=27414"}],"wp:term":[{"taxonomy":"category","embeddable":true,"href":"https:\/\/jornalcorporativo.com.br\/en\/wp-json\/wp\/v2\/categories?post=27414"},{"taxonomy":"post_tag","embeddable":true,"href":"https:\/\/jornalcorporativo.com.br\/en\/wp-json\/wp\/v2\/tags?post=27414"}],"curies":[{"name":"wp","href":"https:\/\/api.w.org\/{rel}","templated":true}]}}