{"id":27420,"date":"2026-07-20T20:00:30","date_gmt":"2026-07-20T23:00:30","guid":{"rendered":"https:\/\/jornalcorporativo.com.br\/redacao\/senador-petista-ex-aliado-bolsonaro-suplente-reeleicao-pernambuco\/"},"modified":"2026-07-20T20:00:30","modified_gmt":"2026-07-20T23:00:30","slug":"senador-petista-ex-aliado-bolsonaro-suplente-reeleicao-pernambuco","status":"publish","type":"post","link":"https:\/\/jornalcorporativo.com.br\/en\/politica\/senador-petista-ex-aliado-bolsonaro-suplente-reeleicao-pernambuco\/","title":{"rendered":"Senador petista escolhe ex-aliado de Bolsonaro como suplente em disputa pela reelei\u00e7\u00e3o em Pernambuco"},"content":{"rendered":"<h2>Alian\u00e7a Pol\u00edtica Surpreendente em Pernambuco<\/h2>\n<p>O senador Humberto Costa, do Partido dos Trabalhadores (PT), oficializou sua candidatura \u00e0 reelei\u00e7\u00e3o com uma escolha que surpreendeu parte da milit\u00e2ncia petista. O deputado federal Luciano Bivar, do MDB, foi selecionado para compor a chapa como suplente. A decis\u00e3o recebeu apoio da c\u00fapula do PT em Pernambuco e reflete as complexas negocia\u00e7\u00f5es pol\u00edticas que caracterizam o pleito estadual de 2026.<\/p>\n<p>Bivar possui um hist\u00f3rico marcado por alian\u00e7as pol\u00edticas diversas. Anteriormente, mantinha v\u00ednculos com o ex-presidente Jair Bolsonaro durante sua passagem pelo PSL, partido que conquistou a elei\u00e7\u00e3o presidencial em 2018. No entanto, o deputado rompeu com o bolsonarismo ap\u00f3s enfrentamentos internos sobre a gest\u00e3o do fundo partid\u00e1rio e o controle da sigla.<\/p>\n<h2>Contexto da Ruptura Pol\u00edtica<\/h2>\n<p>A crise interna no PSL ganhou maior relev\u00e2ncia em Pernambuco durante 2019, quando disputas sobre a candidatura \u00e0 prefeitura do Recife intensificaram as tens\u00f5es. Enquanto a lideran\u00e7a do partido articulava candidaturas pr\u00f3prias, Bolsonaro pressionava pela indica\u00e7\u00e3o de Gilson Machado Neto, ent\u00e3o presidente da Embratur. O impasse resultou no lan\u00e7amento de Carlos de Andrade Lima como candidato, que recebeu menos de 2% dos votos na elei\u00e7\u00e3o vencida por Jo\u00e3o Campos.<\/p>\n<p>Interlocutores de Costa argumentam que Bivar sempre manteve rela\u00e7\u00f5es respeitosas com o PT pernambucano, independentemente de suas filia\u00e7\u00f5es anteriores. Essa narrativa busca justificar a aparente contradi\u00e7\u00e3o de um ex-bolsonarista integrando a chapa de um senador petista.<\/p>\n<h2>Alian\u00e7as Eleitorais Complexas<\/h2>\n<p>Costa integra o bloco pol\u00edtico liderado pelo ex-prefeito do Recife Jo\u00e3o Campos, do PSB, que enfrenta uma disputa acirrada com a governadora Raquel Lyra, do PSD, pela lideran\u00e7a estadual. A composi\u00e7\u00e3o de for\u00e7as reflete estrat\u00e9gias eleitorais sofisticadas, onde antigas lealdades s\u00e3o renegociadas em fun\u00e7\u00e3o de novas realidades pol\u00edticas.<\/p>\n<p>A chapa de Campos tamb\u00e9m conta com Mar\u00edlia Arraes, ex-deputada rec\u00e9m-filiada ao PDT, que disputar\u00e1 uma vaga no Senado. Essa alian\u00e7a articula diferentes segmentos do espectro pol\u00edtico de esquerda e centro-esquerda pernambucano.<\/p>\n<h2>Configura\u00e7\u00e3o Incerta da Chapa Advers\u00e1ria<\/h2>\n<p>Por outro lado, a forma\u00e7\u00e3o da chapa de Lyra ainda apresenta indefini\u00e7\u00f5es. O diret\u00f3rio estadual da federa\u00e7\u00e3o Uni\u00e3o Progressista aprovou o nome do deputado federal Eduardo da Fonte como pr\u00e9-candidato ao Senado, mas o Uni\u00e3o Brasil resiste, buscando indicar Miguel Coelho, ex-prefeito de Petrolina. O deputado federal Tulio Gadelha, que deixou a Rede para ingressar no PSD, dever\u00e1 compor a chapa de Lyra como candidato ao Senado.<\/p>\n<p>O PT realizou sua conven\u00e7\u00e3o estadual em Recife na segunda-feira para oficializar as candidaturas que disputar\u00e3o as elei\u00e7\u00f5es deste ano, consolidando a participa\u00e7\u00e3o de Costa e Arraes nas disputas legislativas que prometem ser acirradas em Pernambuco.<\/p>","protected":false},"excerpt":{"rendered":"<p>Senador petista Humberto Costa escolhe ex-aliado de Bolsonaro como suplente em chapa por reelei\u00e7\u00e3o em Pernambuco.<\/p>","protected":false},"author":4,"featured_media":27416,"comment_status":"open","ping_status":"open","sticky":false,"template":"","format":"standard","meta":{"googlesitekit_rrm_CAow6MXMDA:productID":"","footnotes":""},"categories":[7],"tags":[],"class_list":["post-27420","post","type-post","status-publish","format-standard","has-post-thumbnail","hentry","category-politica"],"brizy_media":[],"_links":{"self":[{"href":"https:\/\/jornalcorporativo.com.br\/en\/wp-json\/wp\/v2\/posts\/27420","targetHints":{"allow":["GET"]}}],"collection":[{"href":"https:\/\/jornalcorporativo.com.br\/en\/wp-json\/wp\/v2\/posts"}],"about":[{"href":"https:\/\/jornalcorporativo.com.br\/en\/wp-json\/wp\/v2\/types\/post"}],"author":[{"embeddable":true,"href":"https:\/\/jornalcorporativo.com.br\/en\/wp-json\/wp\/v2\/users\/4"}],"replies":[{"embeddable":true,"href":"https:\/\/jornalcorporativo.com.br\/en\/wp-json\/wp\/v2\/comments?post=27420"}],"version-history":[{"count":0,"href":"https:\/\/jornalcorporativo.com.br\/en\/wp-json\/wp\/v2\/posts\/27420\/revisions"}],"wp:featuredmedia":[{"embeddable":true,"href":"https:\/\/jornalcorporativo.com.br\/en\/wp-json\/wp\/v2\/media\/27416"}],"wp:attachment":[{"href":"https:\/\/jornalcorporativo.com.br\/en\/wp-json\/wp\/v2\/media?parent=27420"}],"wp:term":[{"taxonomy":"category","embeddable":true,"href":"https:\/\/jornalcorporativo.com.br\/en\/wp-json\/wp\/v2\/categories?post=27420"},{"taxonomy":"post_tag","embeddable":true,"href":"https:\/\/jornalcorporativo.com.br\/en\/wp-json\/wp\/v2\/tags?post=27420"}],"curies":[{"name":"wp","href":"https:\/\/api.w.org\/{rel}","templated":true}]}}