{"id":27421,"date":"2026-07-20T20:00:30","date_gmt":"2026-07-20T23:00:30","guid":{"rendered":"https:\/\/jornalcorporativo.com.br\/redacao\/messi-pronuncia-vice-argentina-copa-mundo-dor\/"},"modified":"2026-07-20T20:00:30","modified_gmt":"2026-07-20T23:00:30","slug":"messi-pronuncia-vice-argentina-copa-mundo-dor","status":"publish","type":"post","link":"https:\/\/jornalcorporativo.com.br\/en\/esportes\/messi-pronuncia-vice-argentina-copa-mundo-dor\/","title":{"rendered":"Messi se pronuncia ap\u00f3s vice da Argentina na Copa do Mundo: &#8216;A dor \u00e9 muito grande&#8217;"},"content":{"rendered":"<p>Lionel Messi rompeu o sil\u00eancio pela primeira vez ap\u00f3s a derrota da Argentina para a Espanha por 1 a 0 na final da Copa do Mundo, disputada no domingo no MetLife Stadium. O camisa 10, que deixou o est\u00e1dio sem conceder entrevistas, publicou um comunicado emocionado nas redes sociais na segunda-feira, expressando seus sentimentos sobre o resultado e refletindo sobre a campanha de sua equipe no torneio.<\/p>\n<h2>A mensagem de Messi<\/h2>\n<p>No texto divulgado, Messi reconheceu a profundidade da dor causada pela derrota, afirmando que o ferimento levar\u00e1 tempo para cicatrizar. Apesar da decep\u00e7\u00e3o, o craque argentino optou por focar nos aspectos positivos da trajet\u00f3ria da sele\u00e7\u00e3o ao longo da competi\u00e7\u00e3o. Ele destacou as partidas memor\u00e1veis que a Argentina conseguiu virar, demonstrando que a equipe entregou tudo em campo durante os confrontos.<\/p>\n<p><strong>O jogador expressou gratid\u00e3o pelo apoio incondicional da na\u00e7\u00e3o argentina<\/strong>, ressaltando como a uni\u00e3o do pa\u00eds e o trabalho coletivo do grupo foram fundamentais para levar a sele\u00e7\u00e3o novamente \u00e0s fases finais do torneio mundial. Messi enfatizou que, apesar da dificuldade atual em valorizar os feitos, a Argentina alcan\u00e7ou sua segunda final consecutiva de Copa do Mundo, um feito extraordin\u00e1rio.<\/p>\n<h2>Agradecimentos e reconhecimento<\/h2>\n<p>Em complemento ao seu pronunciamento, Messi dedicou palavras de agradecimento a cada torcedor que o parabenizou e enviou mensagens de apoio durante o torneio. O craque refor\u00e7ou a import\u00e2ncia da uni\u00e3o nacional, destacando como todos conseguiram se unir como pa\u00eds para compartilhar o orgulho de ser argentino. Ele tamb\u00e9m fez quest\u00e3o de parabenizar a Espanha pela conquista do t\u00edtulo mundial.<\/p>\n<h2>O sil\u00eancio sobre o futuro<\/h2>\n<p>Notavelmente, a declara\u00e7\u00e3o de Messi n\u00e3o aborda qualquer aspecto sobre seu futuro na sele\u00e7\u00e3o argentina, deixando a porta aberta para especula\u00e7\u00f5es. Aos 39 anos, o jogador disputou sua sexta Copa do Mundo e se tornou o primeiro atleta a come\u00e7ar como titular em tr\u00eas finais diferentes. No entanto, n\u00e3o confirmou se esta foi sua \u00faltima participa\u00e7\u00e3o no torneio de forma definitiva.<\/p>\n<p><strong>A idade avan\u00e7ada torna improv\u00e1vel uma pr\u00f3xima participa\u00e7\u00e3o em 2030<\/strong>, quando Messi completaria 43 anos. Ainda assim, o campe\u00e3o do mundo em 2022 evitou deliberadamente estabelecer prazos ou anunciar uma despedida antecipada. Ele tamb\u00e9m n\u00e3o esclareceu se pretende continuar defendendo a sele\u00e7\u00e3o em amistosos e competi\u00e7\u00f5es oficiais antes de uma poss\u00edvel aposentadoria internacional.<\/p>\n<h3>Incerteza prolongada<\/h3>\n<p>A aus\u00eancia de uma declara\u00e7\u00e3o definitiva perpetua uma quest\u00e3o que apenas o pr\u00f3prio Messi conseguir\u00e1 resolver nos pr\u00f3ximos meses. Se a final marcou realmente sua despedida dos Mundiais, o jogador optou por n\u00e3o transformar o momento em uma cerim\u00f4nia de despedida formal. Inversamente, se ele intenciona continuar sua carreira na sele\u00e7\u00e3o, tamb\u00e9m n\u00e3o forneceu qualquer ind\u00edcio a respeito.<\/p>\n<p>Pela primeira vez ap\u00f3s participar de uma Copa do Mundo, o futuro do capit\u00e3o argentino come\u00e7ou a ser amplamente discutido pela m\u00eddia e torcedores sem qualquer pronunciamento oficial dele esclarecendo a situa\u00e7\u00e3o. Esta incerteza marca um contraste com as edi\u00e7\u00f5es anteriores do torneio, deixando a comunidade futebol\u00edstica aguardando por mais informa\u00e7\u00f5es que somente Messi poder\u00e1 fornecer.<\/p>","protected":false},"excerpt":{"rendered":"<p>Messi fala pela primeira vez ap\u00f3s vice da Argentina na Copa do Mundo. Leia a mensagem emocionada do craque sobre a derrota para a Espanha.<\/p>","protected":false},"author":4,"featured_media":27417,"comment_status":"open","ping_status":"open","sticky":false,"template":"","format":"standard","meta":{"googlesitekit_rrm_CAow6MXMDA:productID":"","footnotes":""},"categories":[6],"tags":[],"class_list":["post-27421","post","type-post","status-publish","format-standard","has-post-thumbnail","hentry","category-esportes"],"brizy_media":[],"_links":{"self":[{"href":"https:\/\/jornalcorporativo.com.br\/en\/wp-json\/wp\/v2\/posts\/27421","targetHints":{"allow":["GET"]}}],"collection":[{"href":"https:\/\/jornalcorporativo.com.br\/en\/wp-json\/wp\/v2\/posts"}],"about":[{"href":"https:\/\/jornalcorporativo.com.br\/en\/wp-json\/wp\/v2\/types\/post"}],"author":[{"embeddable":true,"href":"https:\/\/jornalcorporativo.com.br\/en\/wp-json\/wp\/v2\/users\/4"}],"replies":[{"embeddable":true,"href":"https:\/\/jornalcorporativo.com.br\/en\/wp-json\/wp\/v2\/comments?post=27421"}],"version-history":[{"count":0,"href":"https:\/\/jornalcorporativo.com.br\/en\/wp-json\/wp\/v2\/posts\/27421\/revisions"}],"wp:featuredmedia":[{"embeddable":true,"href":"https:\/\/jornalcorporativo.com.br\/en\/wp-json\/wp\/v2\/media\/27417"}],"wp:attachment":[{"href":"https:\/\/jornalcorporativo.com.br\/en\/wp-json\/wp\/v2\/media?parent=27421"}],"wp:term":[{"taxonomy":"category","embeddable":true,"href":"https:\/\/jornalcorporativo.com.br\/en\/wp-json\/wp\/v2\/categories?post=27421"},{"taxonomy":"post_tag","embeddable":true,"href":"https:\/\/jornalcorporativo.com.br\/en\/wp-json\/wp\/v2\/tags?post=27421"}],"curies":[{"name":"wp","href":"https:\/\/api.w.org\/{rel}","templated":true}]}}