{"id":27429,"date":"2026-07-21T00:00:32","date_gmt":"2026-07-21T03:00:32","guid":{"rendered":"https:\/\/jornalcorporativo.com.br\/redacao\/ana-luisa-winckler-flip-2026-imaginacao-coletiva-futuro\/"},"modified":"2026-07-21T00:00:32","modified_gmt":"2026-07-21T03:00:32","slug":"ana-luisa-winckler-flip-2026-imaginacao-coletiva-futuro","status":"publish","type":"post","link":"https:\/\/jornalcorporativo.com.br\/en\/educacao\/ana-luisa-winckler-flip-2026-imaginacao-coletiva-futuro\/","title":{"rendered":"Ana Lu\u00edsa Winckler debate imagina\u00e7\u00e3o coletiva e futuro da sociedade na FLIP 2026"},"content":{"rendered":"<h2>Crise, Literatura e Reinven\u00e7\u00e3o: Reflex\u00f5es na Festa Liter\u00e1ria de Paraty<\/h2>\n<p>Em um mundo marcado por crises clim\u00e1ticas, polariza\u00e7\u00e3o pol\u00edtica e transforma\u00e7\u00f5es aceleradas pela intelig\u00eancia artificial, a reflex\u00e3o sobre o papel da imagina\u00e7\u00e3o humana na constru\u00e7\u00e3o de novos futuros ganha relev\u00e2ncia no cen\u00e1rio liter\u00e1rio contempor\u00e2neo. A psic\u00f3loga, escritora e especialista em desenvolvimento humano <strong>Ana Lu\u00edsa Winckler<\/strong>, autora de <strong>A Cor Dar<\/strong>, participar\u00e1 de um debate significativo durante a programa\u00e7\u00e3o oficial da Festa Liter\u00e1ria Internacional de Paraty (FLIP) 2026.<\/p>\n<p>A especialista integrar\u00e1, na sexta-feira, 24 de julho, \u00e0s 20h30, a mesa redonda intitulada <strong>&#8220;Escrever o fim do mundo: crise, imagina\u00e7\u00e3o e literatura&#8221;<\/strong>, ao lado das conceituadas escritoras Ana R\u00fcsche, Elenice Koziel e Let\u00edcia Zenevich. Este encontro, realizado na Casa &#8220;Escreva, Garota!&#8221;, promete uma an\u00e1lise profunda dos desafios sociais contempor\u00e2neos e da import\u00e2ncia fundamental da fic\u00e7\u00e3o como instrumento de reflex\u00e3o e transforma\u00e7\u00e3o em contextos percebidos como limitadores.<\/p>\n<h2>O Empobrecimento da Imagina\u00e7\u00e3o Coletiva como Barreira Estrutural<\/h2>\n<p>De acordo com a perspectiva inovadora de Ana Lu\u00edsa Winckler, existe uma dimens\u00e3o estrutural nas crises atuais diretamente relacionada ao que ela identifica como <strong>empobrecimento da imagina\u00e7\u00e3o coletiva<\/strong>. A autora prop\u00f5e uma reflex\u00e3o perturbadora: &#8220;Talvez o maior risco de uma sociedade em crise n\u00e3o seja acreditar que o mundo est\u00e1 acabando, mas acreditar que este \u00e9 o \u00fanico mundo poss\u00edvel&#8221;.<\/p>\n<p>Esta an\u00e1lise cr\u00edtica sugere que a sociedade contempor\u00e2nea \u00e9 condicionada para se adaptar aos sistemas existentes, recebendo poucos est\u00edmulos para o questionamento fundamentado. Neste contexto desafiador, o debate evidencia a <strong>literatura como ferramenta transformadora<\/strong>, capaz de restaurar na consci\u00eancia humana a habilidade essencial de projetar futuros alternativos e construir caminhos inovadores.<\/p>\n<h3>A Literatura como Instrumento de Reconfigura\u00e7\u00e3o<\/h3>\n<p>A discuss\u00e3o que ocorrer\u00e1 na FLIP estabelece di\u00e1logos significativos com a proposta central de <strong>A Cor Dar<\/strong>, obra na qual a autora investiga profundamente experi\u00eancias de ruptura, identidade e reinven\u00e7\u00e3o pessoal. O livro examina situa\u00e7\u00f5es que representam pontos finais existenciais, por\u00e9m que catalisam a cria\u00e7\u00e3o de novas linguagens e perspectivas.<\/p>\n<p>A proposi\u00e7\u00e3o liter\u00e1ria ganha dimens\u00e3o coletiva na mesa de debates, estabelecendo um paralelo revelador: assim como o indiv\u00edduo necessita se reconfigurar ap\u00f3s uma ruptura significativa, a sociedade como um todo tamb\u00e9m experimenta essa mesma necessidade de transforma\u00e7\u00e3o estrutural e conceitual.<\/p>\n<h2>Experi\u00eancia Multidisciplinar e Contribui\u00e7\u00e3o Intelectual<\/h2>\n<p>Com mais de 25 anos de experi\u00eancia consolidada em Recursos Humanos e cultura organizacional, a escritora transp\u00f5e para o dom\u00ednio liter\u00e1rio a intersec\u00e7\u00e3o produtiva entre psicologia, comportamento humano e din\u00e2micas do mundo corporativo. Sua participa\u00e7\u00e3o na FLIP amplia significativamente o territ\u00f3rio de discuss\u00e3o aberto pelo seu trabalho, questionando como construir realidades inovadoras em ambientes habitualmente acostumados a reproduzir estruturas tradicionais.<\/p>\n<p>Ana Lu\u00edsa Winckler \u00e9 fundadora da <strong>Prisma Consultoria<\/strong> e atua estrategicamente conectando psicologia, comportamento organizacional e processos de transforma\u00e7\u00e3o humana. Sua produ\u00e7\u00e3o intelectual investiga sistematicamente as rela\u00e7\u00f5es complexas entre identidade, trabalho, rupturas biogr\u00e1ficas e constru\u00e7\u00e3o de vis\u00f5es de futuro.<\/p>\n<h2>A Coragem Necess\u00e1ria para Reimaginar Realidades<\/h2>\n<p>A conclus\u00e3o contundente da autora encapsula sua vis\u00e3o transformadora: <strong>&#8220;Imaginar n\u00e3o \u00e9 fugir da realidade. \u00c9 olhar para ela com coragem suficiente para perceber que aquilo que nos disseram ser inevit\u00e1vel talvez seja apenas uma hist\u00f3ria que repetimos por tempo demais&#8221;<\/strong>. Esta afirma\u00e7\u00e3o representa um convite \u00e0 reflex\u00e3o profunda sobre nossas capacidades coletivas de transforma\u00e7\u00e3o.<\/p>\n<p>O evento na FLIP 2026 representa uma oportunidade significativa para explorar como a imagina\u00e7\u00e3o, estimulada atrav\u00e9s da literatura e do pensamento cr\u00edtico, pode ser desenvolvida como compet\u00eancia coletiva essencial para a constru\u00e7\u00e3o de futuros alternativos em contextos de crise e incerteza.<\/p>\n<h3>Informa\u00e7\u00f5es Pr\u00e1ticas do Evento<\/h3>\n<p><strong>Mesa:<\/strong> &#8220;Escrever o fim do mundo: crise, imagina\u00e7\u00e3o e literatura&#8221;<br \/><strong>Participantes:<\/strong> Ana R\u00fcsche, Ana Lu\u00edsa Winckler, Elenice Koziel e Let\u00edcia Zenevich<br \/><strong>Data:<\/strong> 24 de julho de 2026<br \/><strong>Hor\u00e1rio:<\/strong> 20h30<br \/><strong>Local:<\/strong> Casa Escreva, Garota! &#8211; FLIP 2026, Paraty, RJ<\/p>","protected":false},"excerpt":{"rendered":"<p>Ana Lu\u00edsa Winckler debate imagina\u00e7\u00e3o coletiva e constru\u00e7\u00e3o de futuros na FLIP 2026. Reflex\u00e3o sobre crise, literatura e reinven\u00e7\u00e3o social.<\/p>","protected":false},"author":4,"featured_media":27424,"comment_status":"open","ping_status":"open","sticky":false,"template":"","format":"standard","meta":{"googlesitekit_rrm_CAow6MXMDA:productID":"","footnotes":""},"categories":[38],"tags":[],"class_list":["post-27429","post","type-post","status-publish","format-standard","has-post-thumbnail","hentry","category-educacao"],"brizy_media":[],"_links":{"self":[{"href":"https:\/\/jornalcorporativo.com.br\/en\/wp-json\/wp\/v2\/posts\/27429","targetHints":{"allow":["GET"]}}],"collection":[{"href":"https:\/\/jornalcorporativo.com.br\/en\/wp-json\/wp\/v2\/posts"}],"about":[{"href":"https:\/\/jornalcorporativo.com.br\/en\/wp-json\/wp\/v2\/types\/post"}],"author":[{"embeddable":true,"href":"https:\/\/jornalcorporativo.com.br\/en\/wp-json\/wp\/v2\/users\/4"}],"replies":[{"embeddable":true,"href":"https:\/\/jornalcorporativo.com.br\/en\/wp-json\/wp\/v2\/comments?post=27429"}],"version-history":[{"count":0,"href":"https:\/\/jornalcorporativo.com.br\/en\/wp-json\/wp\/v2\/posts\/27429\/revisions"}],"wp:featuredmedia":[{"embeddable":true,"href":"https:\/\/jornalcorporativo.com.br\/en\/wp-json\/wp\/v2\/media\/27424"}],"wp:attachment":[{"href":"https:\/\/jornalcorporativo.com.br\/en\/wp-json\/wp\/v2\/media?parent=27429"}],"wp:term":[{"taxonomy":"category","embeddable":true,"href":"https:\/\/jornalcorporativo.com.br\/en\/wp-json\/wp\/v2\/categories?post=27429"},{"taxonomy":"post_tag","embeddable":true,"href":"https:\/\/jornalcorporativo.com.br\/en\/wp-json\/wp\/v2\/tags?post=27429"}],"curies":[{"name":"wp","href":"https:\/\/api.w.org\/{rel}","templated":true}]}}