{"id":27443,"date":"2026-07-21T12:00:36","date_gmt":"2026-07-21T15:00:36","guid":{"rendered":"https:\/\/jornalcorporativo.com.br\/redacao\/treino-fora-academia-tendencia-exercicios-espacos-publicos\/"},"modified":"2026-07-21T12:00:36","modified_gmt":"2026-07-21T15:00:36","slug":"treino-fora-academia-tendencia-exercicios-espacos-publicos","status":"publish","type":"post","link":"https:\/\/jornalcorporativo.com.br\/en\/noticias\/treino-fora-academia-tendencia-exercicios-espacos-publicos\/","title":{"rendered":"Treino Fora da Academia: A Tend\u00eancia de Exerc\u00edcios em Espa\u00e7os P\u00fablicos e Inusitados"},"content":{"rendered":"<h2>A Revolu\u00e7\u00e3o do Treino Fora da Academia<\/h2>\n<p>A pr\u00e1tica de exerc\u00edcios f\u00edsicos transcendeu as paredes das academias tradicionais e encontrou novos espa\u00e7os nas rotinas urbanas. Influenciadores e atletas est\u00e3o quebrando paradigmas ao realizarem treinamentos em ambientes p\u00fablicos como aeroportos, avi\u00f5es e esta\u00e7\u00f5es de metr\u00f4, gerando tend\u00eancias que viralizam nas redes sociais. Este fen\u00f4meno representa uma mudan\u00e7a significativa na forma como as pessoas entendem a disposi\u00e7\u00e3o para manter a sa\u00fade e a forma f\u00edsica.<\/p>\n<h2>O Caso de Rosana Ferreira: Treino no Metr\u00f4 de Madri<\/h2>\n<p>A influenciadora Rosana Ferreira, aos 39 anos, conhecida como a primeira vencedora do Miss Bumbum Brasil, ganhou destaque internacional ao executar seu protocolo de treinamento militar dentro de um vag\u00e3o de metr\u00f4 em Madri, na Espanha. A decis\u00e3o surgiu como uma solu\u00e7\u00e3o pr\u00e1tica para manter sua disciplina de exerc\u00edcios, uma vez que seu dia estava repleto de compromissos que n\u00e3o permitiriam tempo para completar a sess\u00e3o de treino em hor\u00e1rios convencionais.<\/p>\n<h3>Adapta\u00e7\u00e3o Inteligente \u00e0 Rotina Di\u00e1ria<\/h3>\n<p>Segundo relato de Rosana, seu protocolo de treinamento prev\u00ea exerc\u00edcios distribu\u00eddos ao longo do dia em hor\u00e1rios espec\u00edficos. Diante da impossibilidade de cumprir a etapa programada posteriormente, ela optou por aproveitar o deslocamento no metr\u00f4 para manter sua rotina. <strong>A disciplina e o compromisso consigo mesma motivaram a adapta\u00e7\u00e3o criativa<\/strong>, demonstrando que a vontade de treinar pode transcender limita\u00e7\u00f5es de espa\u00e7o.<\/p>\n<h3>Exerc\u00edcios Realizados e Rea\u00e7\u00f5es dos Passageiros<\/h3>\n<p>Durante o percurso no metr\u00f4, Rosana executou uma s\u00e9rie de movimentos que inclu\u00edram agachamentos, eleva\u00e7\u00e3o de pernas, contra\u00e7\u00f5es de gl\u00fateos e alongamentos. Utilizou os bancos e as barras do vag\u00e3o como apoio para manter a seguran\u00e7a durante os exerc\u00edcios. As rea\u00e7\u00f5es dos passageiros foram variadas: alguns acompanharam com curiosidade e admira\u00e7\u00e3o, enquanto outros demonstraram estranhamento ou desaprova\u00e7\u00e3o, uma resposta comum quando comportamentos n\u00e3o convencionais s\u00e3o observados em espa\u00e7os p\u00fablicos.<\/p>\n<h2>Respeito ao Espa\u00e7o P\u00fablico e Responsabilidade Social<\/h2>\n<p>Um aspecto importante destacado pela influenciadora foi sua preocupa\u00e7\u00e3o constante em n\u00e3o interferir na circula\u00e7\u00e3o de outras pessoas. Rosana relata que permaneceu atenta aos movimentos alheios, interrompendo sua sequ\u00eancia sempre que algu\u00e9m necessitava circular pelo vag\u00e3o. <strong>Esta postura respons\u00e1vel evidencia que \u00e9 poss\u00edvel adaptar a rotina de exerc\u00edcios sem desrespeitar o espa\u00e7o coletivo<\/strong>.<\/p>\n<p>Ela deixa claro que tomou a decis\u00e3o de treinar no metr\u00f4 apenas porque o vag\u00e3o possu\u00eda espa\u00e7o suficiente para a realiza\u00e7\u00e3o dos movimentos sem prejudicar outros passageiros. Jamais realizaria tal pr\u00e1tica em transportes lotados ou em situa\u00e7\u00f5es que comprometessem o fluxo normal de pessoas.<\/p>\n<h3>Disciplina e Compromisso Pessoal<\/h3>\n<p>Para Rosana, manter a disciplina \u00e9 fundamental para o sucesso de qualquer programa de treinamento. Ela reconhece que algumas pessoas possam achar estranha sua abordagem, mas mant\u00e9m firme seu compromisso de cumprir os hor\u00e1rios preestabelecidos de treino. <strong>A determina\u00e7\u00e3o em honrar seus pr\u00f3prios compromissos supera as rea\u00e7\u00f5es de desaprova\u00e7\u00e3o<\/strong>, refletindo uma mentalidade orientada para resultados.<\/p>\n<h2>A Tend\u00eancia Global de Treinos Alternativos<\/h2>\n<p>Este caso de Rosana Ferreira representa um movimento maior que est\u00e1 ganhando for\u00e7a nas redes sociais e entre comunidades de fitness. Pessoas ao redor do mundo est\u00e3o descobrindo que a falta de acesso imediato a uma academia n\u00e3o deve ser barreira para manter a atividade f\u00edsica. Treinos em quartos, parques, praias e agora em transportes p\u00fablicos demonstram a versatilidade e criatividade dos praticantes modernos.<\/p>\n<p>A tend\u00eancia reflete tamb\u00e9m uma mudan\u00e7a de mentalidade sobre o que significa estar comprometido com a sa\u00fade e o bem-estar. <strong>A flexibilidade e a adaptabilidade tornaram-se virtudes essenciais na vida contempor\u00e2nea<\/strong>, permitindo que indiv\u00edduos mantenham seus objetivos apesar dos desafios log\u00edsticos do dia a dia urbano.<\/p>","protected":false},"excerpt":{"rendered":"<p>Conhe\u00e7a a tend\u00eancia de treinar em espa\u00e7os p\u00fablicos. Rosana Ferreira realiza exerc\u00edcios no metr\u00f4 de Madri mantendo disciplina e compromisso.<\/p>","protected":false},"author":4,"featured_media":27440,"comment_status":"open","ping_status":"open","sticky":false,"template":"","format":"standard","meta":{"googlesitekit_rrm_CAow6MXMDA:productID":"","footnotes":""},"categories":[269],"tags":[],"class_list":["post-27443","post","type-post","status-publish","format-standard","has-post-thumbnail","hentry","category-noticias"],"brizy_media":[],"_links":{"self":[{"href":"https:\/\/jornalcorporativo.com.br\/en\/wp-json\/wp\/v2\/posts\/27443","targetHints":{"allow":["GET"]}}],"collection":[{"href":"https:\/\/jornalcorporativo.com.br\/en\/wp-json\/wp\/v2\/posts"}],"about":[{"href":"https:\/\/jornalcorporativo.com.br\/en\/wp-json\/wp\/v2\/types\/post"}],"author":[{"embeddable":true,"href":"https:\/\/jornalcorporativo.com.br\/en\/wp-json\/wp\/v2\/users\/4"}],"replies":[{"embeddable":true,"href":"https:\/\/jornalcorporativo.com.br\/en\/wp-json\/wp\/v2\/comments?post=27443"}],"version-history":[{"count":0,"href":"https:\/\/jornalcorporativo.com.br\/en\/wp-json\/wp\/v2\/posts\/27443\/revisions"}],"wp:featuredmedia":[{"embeddable":true,"href":"https:\/\/jornalcorporativo.com.br\/en\/wp-json\/wp\/v2\/media\/27440"}],"wp:attachment":[{"href":"https:\/\/jornalcorporativo.com.br\/en\/wp-json\/wp\/v2\/media?parent=27443"}],"wp:term":[{"taxonomy":"category","embeddable":true,"href":"https:\/\/jornalcorporativo.com.br\/en\/wp-json\/wp\/v2\/categories?post=27443"},{"taxonomy":"post_tag","embeddable":true,"href":"https:\/\/jornalcorporativo.com.br\/en\/wp-json\/wp\/v2\/tags?post=27443"}],"curies":[{"name":"wp","href":"https:\/\/api.w.org\/{rel}","templated":true}]}}