{"id":27444,"date":"2026-07-21T12:00:36","date_gmt":"2026-07-21T15:00:36","guid":{"rendered":"https:\/\/jornalcorporativo.com.br\/redacao\/discurso-messi-final-teorias-conspiracao-fatos\/"},"modified":"2026-07-21T12:00:36","modified_gmt":"2026-07-21T15:00:36","slug":"discurso-messi-final-teorias-conspiracao-fatos","status":"publish","type":"post","link":"https:\/\/jornalcorporativo.com.br\/en\/noticias\/discurso-messi-final-teorias-conspiracao-fatos\/","title":{"rendered":"Discurso de Messi Antes da Final: Como um V\u00eddeo Curto Alimentou Teorias da Conspira\u00e7\u00e3o Sem Provas"},"content":{"rendered":"<h2>O V\u00eddeo que Desencadeou Especula\u00e7\u00f5es<\/h2>\n<p>Um breve registro de Lionel Messi conversando com seus companheiros minutos antes da final da Copa do Mundo transformou-se no epicentro de diversas teorias da conspira\u00e7\u00e3o sobre a derrota argentina para a Espanha. Embora as imagens sejam aut\u00eanticas, elas apresentam apenas um fragmento da sa\u00edda do vesti\u00e1rio e n\u00e3o cont\u00eam qualquer indicativo de que o resultado tenha sido predeterminado. Grande parte do conte\u00fado disseminado nas redes sociais acrescenta interpreta\u00e7\u00f5es infundadas e informa\u00e7\u00f5es falsas ao corte original.<\/p>\n<h2>O que o V\u00eddeo Realmente Mostra<\/h2>\n<p>No trecho captado, Messi solicita tranquilidade repetidas vezes aos jogadores e afirma: <strong>&#8220;Esque\u00e7amos tudo. Vamos apenas jogar. Pensemos apenas em jogar, gente&#8221;<\/strong>. Enzo Fern\u00e1ndez aparece com express\u00e3o emotiva, enquanto Dibu Mart\u00ednez e outros companheiros o escutam em sil\u00eancio durante os poucos segundos do registro dispon\u00edvel. \u00c9 importante ressaltar que o v\u00eddeo n\u00e3o permite concluir sobre a dura\u00e7\u00e3o do sil\u00eancio do goleiro, o motivo espec\u00edfico da emo\u00e7\u00e3o de Enzo ou o que foi dito antes do registro come\u00e7ar.<\/p>\n<p>Subsequentemente, Messi inicia a caminhada em dire\u00e7\u00e3o ao campo, acompanhado por Dibu e Cuti Romero. Ao avistar a c\u00e2mera de transmiss\u00e3o, ele se vira e passa a caminhar de costas enquanto continua conversando. Algumas publica\u00e7\u00f5es interpretaram esse gesto como uma tentativa de <strong>ocultar o conte\u00fado da conversa<\/strong>, quando na verdade ele apenas protegia uma fala reservada do registro. N\u00e3o existe \u00e1udio desse momento nem elementos que permitam compreender o que foi comunicado.<\/p>\n<h2>Compara\u00e7\u00f5es Enganosas com 2021<\/h2>\n<p>O fragmento passou a ser comparado principalmente com o discurso de Messi antes da final da Copa Am\u00e9rica de 2021 contra o Brasil, quando ele proferiu um longo discurso afirmando que a equipe conquistaria o trof\u00e9u. Essa compara\u00e7\u00e3o re\u00fane materiais de naturezas completamente diferentes: o discurso de 2021 foi registrado integralmente dentro do vesti\u00e1rio para um document\u00e1rio, enquanto o de 2026 \u00e9 apenas um recorte capturado quando os jogadores j\u00e1 se preparavam para entrar em campo. Desconhece-se totalmente o que foi dito antes do v\u00eddeo come\u00e7ar a ser gravado.<\/p>\n<h2>Teorias Conspirat\u00f3rias sem Evid\u00eancias<\/h2>\n<p>A express\u00e3o <strong>&#8220;esque\u00e7amos tudo&#8221;<\/strong> foi interpretada por diversos perfis como refer\u00eancia a uma suposta amea\u00e7a ao elenco, sugerindo que os argentinos teriam sido avisados de que n\u00e3o poderiam conquistar o bicampeonato. Nenhuma publica\u00e7\u00e3o apresentou documentos, \u00e1udios, testemunhas identificadas ou qualquer elemento concreto que sustentasse essa alega\u00e7\u00e3o. Pessoas ligadas \u00e0 sele\u00e7\u00e3o rejeitaram categoricamente essa vers\u00e3o, afirmando que a equipe perdeu &#8220;do seu jeito, deixando tudo&#8221;.<\/p>\n<p>Outra narrativa amplamente divulgada pelo jornalista argentino Pablo Carrozza afirma que Gianni Infantino teria estabelecido um acordo com a Uefa para garantir a vit\u00f3ria de uma sele\u00e7\u00e3o europeia em troca de apoio \u00e0 sua perman\u00eancia na presid\u00eancia da Fifa. Essa acusa\u00e7\u00e3o tamb\u00e9m foi apresentada completamente sem provas ou indica\u00e7\u00e3o de fontes confi\u00e1veis.<\/p>\n<h2>Desinforma\u00e7\u00e3o Sobre o \u00c1rbitro<\/h2>\n<p>O \u00e1rbitro esloveno Slavko Vincic tamb\u00e9m foi incorporado \u00e0s teorias conspirat\u00f3rias. Publica\u00e7\u00f5es afirmam que ele teria sido preso ou condenado por envolvimento com tr\u00e1fico de pessoas, estando sujeito a chantagens. Essa informa\u00e7\u00e3o \u00e9 enganosa. Vincic estava em um local alvo de opera\u00e7\u00e3o policial contra uma rede de prostitui\u00e7\u00e3o, drogas e armas na B\u00f3snia em 2020, mas foi levado para prestar depoimento como <strong>testemunha<\/strong>, foi liberado sem acusa\u00e7\u00e3o e n\u00e3o respondeu a qualquer processo.<\/p>\n<h2>Explica\u00e7\u00f5es Racionais para o Desempenho<\/h2>\n<p>As decis\u00f5es t\u00e9cnicas de Lionel Scaloni e diversos lances da partida completam a narrativa constru\u00edda ap\u00f3s a derrota: a aus\u00eancia de Lautaro Mart\u00ednez, a utiliza\u00e7\u00e3o de jogadores com problemas f\u00edsicos, as substitui\u00e7\u00f5es realizadas, a expuls\u00e3o de Enzo Fern\u00e1ndez e uma desaten\u00e7\u00e3o de Giuliano Simeone no in\u00edcio da jogada do gol espanhol. Embora sejam epis\u00f3dios reais e discut\u00edveis do ponto de vista esportivo, nenhum deles comprova interfer\u00eancia externa. A Espanha controlou a bola, o campo e o ritmo, enquanto a Argentina n\u00e3o conseguiu levar Messi para as regi\u00f5es onde ele havia decidido partidas anteriores.<\/p>\n<p>A atua\u00e7\u00e3o argentina, significativamente abaixo do que a equipe havia apresentado durante o torneio, ajudou a propagar as suspeitas. A sele\u00e7\u00e3o que chegou \u00e0 final com 19 gols n\u00e3o finalizou durante os 90 minutos e sofreu 20 tentativas espanholas. A diferen\u00e7a entre a expectativa e o desempenho criou espa\u00e7o para explica\u00e7\u00f5es externas.<\/p>\n<h2>A Hashtag que Reuniu Teorias<\/h2>\n<p>A especula\u00e7\u00e3o ganhou at\u00e9 uma hashtag no X: #AlgoPaso, que significa &#8220;algo aconteceu&#8221;. Publica\u00e7\u00f5es com essa marca\u00e7\u00e3o reuniram o discurso de Messi, imagens do aquecimento, a emo\u00e7\u00e3o atribu\u00edda a Enzo, as escolhas de Scaloni e rumores sobre Tapia. A express\u00e3o funciona como um <strong>guarda-chuva para vers\u00f5es diferentes e contradit\u00f3rias<\/strong>, sem acrescentar provas a nenhuma delas.<\/p>\n<h2>Conclus\u00e3o: O Que Realmente Aconteceu<\/h2>\n<p>O que se pode afirmar com certeza \u00e9 simples e direto: Messi pediu calma e concentra\u00e7\u00e3o em um trecho breve da sa\u00edda do vesti\u00e1rio. Todo o restante foi acrescentado posteriormente \u00e0 derrota. At\u00e9 o momento, nenhuma prova surgiu de amea\u00e7as aos jogadores, acordos entre dirigentes, press\u00e3o sobre o \u00e1rbitro ou resultado combinado. O corte de v\u00eddeo ajuda a entender como nasceu a teoria da conspira\u00e7\u00e3o, mas n\u00e3o oferece qualquer evid\u00eancia s\u00f3lida para sustent\u00e1-la.<\/p>","protected":false},"excerpt":{"rendered":"<p>Analise completa do v\u00eddeo de Messi antes da final: descubra o que \u00e9 fato e o que s\u00e3o teorias conspirat\u00f3rias infundadas sobre a derrota argentina.<\/p>","protected":false},"author":4,"featured_media":27437,"comment_status":"open","ping_status":"open","sticky":false,"template":"","format":"standard","meta":{"googlesitekit_rrm_CAow6MXMDA:productID":"","footnotes":""},"categories":[269],"tags":[],"class_list":["post-27444","post","type-post","status-publish","format-standard","has-post-thumbnail","hentry","category-noticias"],"brizy_media":[],"_links":{"self":[{"href":"https:\/\/jornalcorporativo.com.br\/en\/wp-json\/wp\/v2\/posts\/27444","targetHints":{"allow":["GET"]}}],"collection":[{"href":"https:\/\/jornalcorporativo.com.br\/en\/wp-json\/wp\/v2\/posts"}],"about":[{"href":"https:\/\/jornalcorporativo.com.br\/en\/wp-json\/wp\/v2\/types\/post"}],"author":[{"embeddable":true,"href":"https:\/\/jornalcorporativo.com.br\/en\/wp-json\/wp\/v2\/users\/4"}],"replies":[{"embeddable":true,"href":"https:\/\/jornalcorporativo.com.br\/en\/wp-json\/wp\/v2\/comments?post=27444"}],"version-history":[{"count":0,"href":"https:\/\/jornalcorporativo.com.br\/en\/wp-json\/wp\/v2\/posts\/27444\/revisions"}],"wp:featuredmedia":[{"embeddable":true,"href":"https:\/\/jornalcorporativo.com.br\/en\/wp-json\/wp\/v2\/media\/27437"}],"wp:attachment":[{"href":"https:\/\/jornalcorporativo.com.br\/en\/wp-json\/wp\/v2\/media?parent=27444"}],"wp:term":[{"taxonomy":"category","embeddable":true,"href":"https:\/\/jornalcorporativo.com.br\/en\/wp-json\/wp\/v2\/categories?post=27444"},{"taxonomy":"post_tag","embeddable":true,"href":"https:\/\/jornalcorporativo.com.br\/en\/wp-json\/wp\/v2\/tags?post=27444"}],"curies":[{"name":"wp","href":"https:\/\/api.w.org\/{rel}","templated":true}]}}