{"id":27445,"date":"2026-07-21T12:00:36","date_gmt":"2026-07-21T15:00:36","guid":{"rendered":"https:\/\/jornalcorporativo.com.br\/redacao\/manu-kone-manchester-united-copa-mundo-2026\/"},"modified":"2026-07-21T12:00:36","modified_gmt":"2026-07-21T15:00:36","slug":"manu-kone-manchester-united-copa-mundo-2026","status":"publish","type":"post","link":"https:\/\/jornalcorporativo.com.br\/en\/esportes\/manu-kone-manchester-united-copa-mundo-2026\/","title":{"rendered":"Manu Kon\u00e9, Destaque da Fran\u00e7a na Copa 2026, \u00e9 Alvo do Manchester United"},"content":{"rendered":"<h2>Interesse do Manchester United em Manu Kon\u00e9 Aumenta Ap\u00f3s Bom Desempenho na Copa do Mundo<\/h2>\n<p>Manu Kon\u00e9, um dos principais destaques da sele\u00e7\u00e3o francesa na Copa do Mundo de 2026, tornou-se alvo do Manchester United. Segundo informa\u00e7\u00f5es do renomado jornal franc\u00eas L&#8217;\u00c9quipe, o meio-campista de 25 anos j\u00e1 est\u00e1 no radar do clube ingl\u00eas, que iniciou conversas preliminares para avaliar uma poss\u00edvel contrata\u00e7\u00e3o. Apesar do interesse demonstrado, o Manchester United mant\u00e9m uma postura cautelosa nas negocia\u00e7\u00f5es e ainda n\u00e3o apresentou uma proposta oficial ao jogador.<\/p>\n<p>O desempenho de Kon\u00e9 na competi\u00e7\u00e3o mundial foi impressionante, mesmo com a elimina\u00e7\u00e3o prematura da Fran\u00e7a. A sele\u00e7\u00e3o francesa foi eliminada pela Espanha na semifinal, com uma derrota de 2 a 0, mas o volante conquistou respeito e reconhecimento internacional. Com 19 partidas disputadas pela sele\u00e7\u00e3o francesa, Kon\u00e9 consolidou sua posi\u00e7\u00e3o como um dos melhores meio-campistas do torneio, chamando aten\u00e7\u00e3o de grandes clubes europeus.<\/p>\n<h2>Trajet\u00f3ria Profissional e Situa\u00e7\u00e3o Contratual<\/h2>\n<p>O jogador franc\u00eas foi contratado pela Roma em transfer\u00eancia anterior e j\u00e1 acumula um hist\u00f3rico significativo no futebol italiano. Em duas temporadas vestindo a camisa do clube romano, Kon\u00e9 participou de 82 partidas, demonstrando consist\u00eancia e qualidade t\u00e9cnica. Seu contrato com a Roma se estende at\u00e9 2029, o que representa um dos principais obst\u00e1culos para poss\u00edveis interessados em sua contrata\u00e7\u00e3o.<\/p>\n<p>Ap\u00f3s sua campanha de destaque na Copa do Mundo de 2026, Kon\u00e9 estaria motivado a dar um novo passo em sua carreira profissional. O jogador busca atuar em uma equipe com ambi\u00e7\u00f5es maiores no cen\u00e1rio europeu, tendo a <strong>Premier League<\/strong> como destino preferencial. Este interesse reflete a vontade do meio-campista de testar seus limites em uma das ligas mais competitivas do futebol mundial.<\/p>\n<h2>Concorr\u00eancia no Mercado de Transfer\u00eancias<\/h2>\n<p>O Manchester United n\u00e3o \u00e9 o \u00fanico clube interessado nas habilidades de Manu Kon\u00e9. Segundo reportagens especializadas, o <strong>Arsenal<\/strong> tamb\u00e9m demonstrou interesse em contar com o jogador em seu elenco. Al\u00e9m disso, dois outros clubes da Premier League ainda n\u00e3o identificados pela m\u00eddia acompanham a situa\u00e7\u00e3o do franc\u00eas com aten\u00e7\u00e3o, monitorando poss\u00edveis desenvolvimentos.<\/p>\n<p>A concorr\u00eancia n\u00e3o se limita apenas \u00e0 Inglaterra. A <strong>Inter de Mil\u00e3o<\/strong>, tradicional pot\u00eancia do futebol italiano, tamb\u00e9m monitora o jogador h\u00e1 v\u00e1rios meses, conforme revelado pela imprensa especializada. Isso demonstra que Kon\u00e9 \u00e9 um alvo cobi\u00e7ado no mercado europeu de transfer\u00eancias.<\/p>\n<h2>Estrat\u00e9gia Cautelosa do Manchester United<\/h2>\n<p>Apesar do interesse genu\u00edno no jogador, o Manchester United adota uma estrat\u00e9gia cuidadosa nas negocia\u00e7\u00f5es. O clube ingl\u00eas n\u00e3o pretende acelerar o processo de contrata\u00e7\u00e3o, preferindo avaliar o mercado de transfer\u00eancias de forma minuciosa. Esta abordagem reflete a experi\u00eancia do clube em n\u00e3o se deixar envolver por poss\u00edveis inflacionamentos de valores.<\/p>\n<p>O calend\u00e1rio da Copa do Mundo impactou significativamente a janela de transfer\u00eancias, criando um cen\u00e1rio complexo para as negocia\u00e7\u00f5es. O Manchester United busca evitar pagamentos excessivos por Kon\u00e9, mantendo uma negocia\u00e7\u00e3o dentro de par\u00e2metros financeiros realistas. Enquanto isso, o jogador franc\u00eas deseja resolver sua situa\u00e7\u00e3o em breve, mas ainda n\u00e3o h\u00e1 previs\u00e3o concreta para uma decis\u00e3o definitiva sobre seu futuro profissional.<\/p>","protected":false},"excerpt":{"rendered":"<p>Manu Kon\u00e9 \u00e9 alvo do Manchester United ap\u00f3s destaque na Copa 2026. Saiba detalhes sobre o interesse do clube ingl\u00eas<\/p>","protected":false},"author":4,"featured_media":27438,"comment_status":"open","ping_status":"open","sticky":false,"template":"","format":"standard","meta":{"googlesitekit_rrm_CAow6MXMDA:productID":"","footnotes":""},"categories":[6],"tags":[],"class_list":["post-27445","post","type-post","status-publish","format-standard","has-post-thumbnail","hentry","category-esportes"],"brizy_media":[],"_links":{"self":[{"href":"https:\/\/jornalcorporativo.com.br\/en\/wp-json\/wp\/v2\/posts\/27445","targetHints":{"allow":["GET"]}}],"collection":[{"href":"https:\/\/jornalcorporativo.com.br\/en\/wp-json\/wp\/v2\/posts"}],"about":[{"href":"https:\/\/jornalcorporativo.com.br\/en\/wp-json\/wp\/v2\/types\/post"}],"author":[{"embeddable":true,"href":"https:\/\/jornalcorporativo.com.br\/en\/wp-json\/wp\/v2\/users\/4"}],"replies":[{"embeddable":true,"href":"https:\/\/jornalcorporativo.com.br\/en\/wp-json\/wp\/v2\/comments?post=27445"}],"version-history":[{"count":0,"href":"https:\/\/jornalcorporativo.com.br\/en\/wp-json\/wp\/v2\/posts\/27445\/revisions"}],"wp:featuredmedia":[{"embeddable":true,"href":"https:\/\/jornalcorporativo.com.br\/en\/wp-json\/wp\/v2\/media\/27438"}],"wp:attachment":[{"href":"https:\/\/jornalcorporativo.com.br\/en\/wp-json\/wp\/v2\/media?parent=27445"}],"wp:term":[{"taxonomy":"category","embeddable":true,"href":"https:\/\/jornalcorporativo.com.br\/en\/wp-json\/wp\/v2\/categories?post=27445"},{"taxonomy":"post_tag","embeddable":true,"href":"https:\/\/jornalcorporativo.com.br\/en\/wp-json\/wp\/v2\/tags?post=27445"}],"curies":[{"name":"wp","href":"https:\/\/api.w.org\/{rel}","templated":true}]}}