{"id":27453,"date":"2026-07-21T16:00:21","date_gmt":"2026-07-21T19:00:21","guid":{"rendered":"https:\/\/jornalcorporativo.com.br\/redacao\/deputado-contesta-filiacao-dc-stf-regra-eleicoes-lira\/"},"modified":"2026-07-21T16:00:21","modified_gmt":"2026-07-21T19:00:21","slug":"deputado-contesta-filiacao-dc-stf-regra-eleicoes-lira","status":"publish","type":"post","link":"https:\/\/jornalcorporativo.com.br\/en\/justica-em-foco\/deputado-contesta-filiacao-dc-stf-regra-eleicoes-lira\/","title":{"rendered":"Deputado contesta filia\u00e7\u00e3o ao DC no STF e questiona regra eleitoral que beneficia filho de Lira"},"content":{"rendered":"<h2>Deputado Jos\u00e9 Carlos Ara\u00fajo desafia filia\u00e7\u00e3o ao Democracia Crist\u00e3<\/h2>\n<p>O deputado federal Jos\u00e9 Carlos Ara\u00fajo, representante do estado da Bahia, apresentou ao Supremo Tribunal Federal uma contesta\u00e7\u00e3o contra sua filia\u00e7\u00e3o ao partido Democracia Crist\u00e3, alegando que o registro foi realizado de forma irregular e sem sua autoriza\u00e7\u00e3o pr\u00e9via. Esta a\u00e7\u00e3o judicial possui implica\u00e7\u00f5es diretas em um processo que o pr\u00f3prio partido pretende promover visando \u00e0 suspens\u00e3o de altera\u00e7\u00f5es significativas na Lei das Elei\u00e7\u00f5es brasileira.<\/p>\n<h2>A quest\u00e3o da idade m\u00ednima para candidatos<\/h2>\n<p>No centro dessa disputa jur\u00eddica encontra-se uma modifica\u00e7\u00e3o espec\u00edfica na legisla\u00e7\u00e3o eleitoral: a altera\u00e7\u00e3o do marco utilizado para aferi\u00e7\u00e3o da idade m\u00ednima exigida para que um candidato possa assumir seu mandato eletivo. Essa mudan\u00e7a normativa tornou-se alvo de questionamento, particularmente porque seus efeitos pr\u00e1ticos beneficiam determinados indiv\u00edduos, incluindo familiares de pol\u00edticos influentes.<\/p>\n<h2>Conex\u00e3o com a fam\u00edlia Lira<\/h2>\n<p>A regra modificada apresenta consequ\u00eancias diretas para membros da fam\u00edlia do presidente da C\u00e2mara dos Deputados, Artur Lira, gerando suspeitas sobre poss\u00edveis motiva\u00e7\u00f5es pol\u00edticas envolvidas na altera\u00e7\u00e3o legislativa. Essa circunst\u00e2ncia refor\u00e7a a import\u00e2ncia do questionamento levantado ao STF, transformando a mat\u00e9ria em quest\u00e3o de relev\u00e2ncia pol\u00edtica e constitucional para o pa\u00eds.<\/p>\n<h2>Impacto jur\u00eddico da contesta\u00e7\u00e3o<\/h2>\n<p>A alega\u00e7\u00e3o do deputado Jos\u00e9 Carlos Ara\u00fajo sobre a irregularidade de sua filia\u00e7\u00e3o representa um obst\u00e1culo significativo para a estrat\u00e9gia legal do partido Democracia Crist\u00e3. Caso a argumenta\u00e7\u00e3o do parlamentar seja aceita pela corte suprema, a legitimidade do partido para questionar a modifica\u00e7\u00e3o eleitoral poderia ser comprometida, afetando diretamente o andamento do processo no STF.<\/p>\n<h2>Implica\u00e7\u00f5es para o processo eleitoral<\/h2>\n<p>Esta situa\u00e7\u00e3o ilustra as complexidades da legisla\u00e7\u00e3o eleitoral brasileira e como altera\u00e7\u00f5es aparentemente t\u00e9cnicas podem gerar consequ\u00eancias pr\u00e1ticas significativas. O caso demonstra tamb\u00e9m a import\u00e2ncia da transpar\u00eancia nos procedimentos de filia\u00e7\u00e3o partid\u00e1ria e na formula\u00e7\u00e3o de regras eleitorais, princ\u00edpios fundamentais para a integridade do sistema democr\u00e1tico nacional.<\/p>\n<p>O desdobramento dessa a\u00e7\u00e3o no Supremo Tribunal Federal permanece sob acompanhamento, com potencial para estabelecer precedentes importantes sobre filia\u00e7\u00e3o partid\u00e1ria involunt\u00e1ria e sobre o poder do judici\u00e1rio em revisar modifica\u00e7\u00f5es na Lei das Elei\u00e7\u00f5es.<\/p>","protected":false},"excerpt":{"rendered":"<p>Deputado Jos\u00e9 Carlos Ara\u00fajo contesta filia\u00e7\u00e3o ao DC no STF contra regra eleitoral que beneficia filho de Lira<\/p>","protected":false},"author":4,"featured_media":27450,"comment_status":"open","ping_status":"open","sticky":false,"template":"","format":"standard","meta":{"googlesitekit_rrm_CAow6MXMDA:productID":"","footnotes":""},"categories":[39],"tags":[],"class_list":["post-27453","post","type-post","status-publish","format-standard","has-post-thumbnail","hentry","category-justica-em-foco"],"brizy_media":[],"_links":{"self":[{"href":"https:\/\/jornalcorporativo.com.br\/en\/wp-json\/wp\/v2\/posts\/27453","targetHints":{"allow":["GET"]}}],"collection":[{"href":"https:\/\/jornalcorporativo.com.br\/en\/wp-json\/wp\/v2\/posts"}],"about":[{"href":"https:\/\/jornalcorporativo.com.br\/en\/wp-json\/wp\/v2\/types\/post"}],"author":[{"embeddable":true,"href":"https:\/\/jornalcorporativo.com.br\/en\/wp-json\/wp\/v2\/users\/4"}],"replies":[{"embeddable":true,"href":"https:\/\/jornalcorporativo.com.br\/en\/wp-json\/wp\/v2\/comments?post=27453"}],"version-history":[{"count":0,"href":"https:\/\/jornalcorporativo.com.br\/en\/wp-json\/wp\/v2\/posts\/27453\/revisions"}],"wp:featuredmedia":[{"embeddable":true,"href":"https:\/\/jornalcorporativo.com.br\/en\/wp-json\/wp\/v2\/media\/27450"}],"wp:attachment":[{"href":"https:\/\/jornalcorporativo.com.br\/en\/wp-json\/wp\/v2\/media?parent=27453"}],"wp:term":[{"taxonomy":"category","embeddable":true,"href":"https:\/\/jornalcorporativo.com.br\/en\/wp-json\/wp\/v2\/categories?post=27453"},{"taxonomy":"post_tag","embeddable":true,"href":"https:\/\/jornalcorporativo.com.br\/en\/wp-json\/wp\/v2\/tags?post=27453"}],"curies":[{"name":"wp","href":"https:\/\/api.w.org\/{rel}","templated":true}]}}