{"id":28714,"date":"2026-09-01T15:13:05","date_gmt":"2026-09-01T18:13:05","guid":{"rendered":"https:\/\/jornalcorporativo.com.br\/?p=28714"},"modified":"2026-09-01T15:22:08","modified_gmt":"2026-09-01T18:22:08","slug":"vorcaro-perguntou-moraes-sair-do-pais-antes-da-prisao","status":"publish","type":"post","link":"https:\/\/jornalcorporativo.com.br\/en\/brasil\/vorcaro-perguntou-moraes-sair-do-pais-antes-da-prisao\/","title":{"rendered":"Enquanto o banqueiro trocava mensagens, R$ 960 milh\u00f5es da aposentadoria dos servidores do Rio estavam no banco dele"},"content":{"rendered":"<p dir=\"ltr\">Dois dias antes de ser preso no Aeroporto de Guarulhos, o banqueiro Daniel Vorcaro escreveu ao ministro do Supremo Tribunal Federal Alexandre de Moraes para saber se j\u00e1 era hora de sair do Brasil. &#8220;Acha que segunda j\u00e1 tenho que estar fora?&#8221;, perguntou no s\u00e1bado, 15 de novembro de 2025. As mensagens foram extra\u00eddas do celular do banqueiro pela Pol\u00edcia Federal e divulgadas nesta ter\u00e7a-feira (1\u00ba) pelo jornal O Estado de S. Paulo.<\/p>\n<h2 dir=\"ltr\">O que est\u00e1 nas mensagens<\/h2>\n<p dir=\"ltr\">Segundo o Estad\u00e3o, a troca de mensagens come\u00e7ou em 4 de novembro de 2025 e foi ficando mais intensa conforme a data da opera\u00e7\u00e3o se aproximava. Para os investigadores, o teor das conversas permite deduzir que o ministro repassava ao banqueiro informa\u00e7\u00f5es sens\u00edveis sobre o andamento da primeira fase da Opera\u00e7\u00e3o Compliance Zero, incluindo datas e hor\u00e1rios prov\u00e1veis de dilig\u00eancias da PF.<\/p>\n<p dir=\"ltr\">Na mesma sequ\u00eancia do dia 15, Vorcaro emendou perguntas sobre quem estava conduzindo o caso, se o presidente do Banco Central, Gabriel Gal\u00edpolo, j\u00e1 tinha conhecimento da a\u00e7\u00e3o e se ainda haveria alguma coisa a ser feita.<\/p>\n<p dir=\"ltr\">No dia 16, um domingo, v\u00e9spera da pris\u00e3o, ele voltou a procurar o ministro querendo saber se havia chance de a opera\u00e7\u00e3o acontecer na manh\u00e3 seguinte. Na manh\u00e3 do dia 17, por volta das 7h20, disse estar tentando antecipar a entrada de investidores no banco e acreditar que conseguiria assinar e anunciar parte da venda do Master.<\/p>\n<h2 dir=\"ltr\">A pris\u00e3o<\/h2>\n<p dir=\"ltr\">O mandado de pris\u00e3o preventiva s\u00f3 foi assinado \u00e0s 15h29 daquele mesmo 17 de novembro, pelo juiz Ricardo Augusto Soares Leite, da 10\u00aa Vara Federal do Distrito Federal. Ou seja: quando Vorcaro fez a primeira pergunta sobre deixar o pa\u00eds, a ordem sequer existia no papel.<\/p>\n<p dir=\"ltr\">Na noite do dia 17, a Pol\u00edcia Federal localizou o banqueiro no Aeroporto Internacional de S\u00e3o Paulo. Ele se preparava para embarcar em um jato particular com destino a Malta e, depois, a Dubai, nos Emirados \u00c1rabes Unidos. Para os investigadores, a inten\u00e7\u00e3o era sair do Brasil.<\/p>\n<h2 dir=\"ltr\">O detalhe que trava a investiga\u00e7\u00e3o<\/h2>\n<p dir=\"ltr\">H\u00e1 um buraco no meio dessa hist\u00f3ria: n\u00e3o se sabe o que Moraes respondeu. As mensagens recuperadas mostram que os dois usavam visualiza\u00e7\u00e3o \u00fanica e capturas de tela de textos escritos no aplicativo de notas do celular. O m\u00e9todo apaga o rastro das respostas e impede que os investigadores remontem o di\u00e1logo completo.<\/p>\n<p dir=\"ltr\">Procurados pelo Estad\u00e3o, o ministro e a defesa de Vorcaro n\u00e3o comentaram o conte\u00fado das mensagens. O advogado Walfrido Warde, que defendia o banqueiro \u00e0 \u00e9poca, tamb\u00e9m n\u00e3o se manifestou; segundo os registros do celular, ele teria telefonado para Moraes horas antes da primeira pris\u00e3o.<\/p>\n<h2 dir=\"ltr\">Onde o caso chegou<\/h2>\n<p dir=\"ltr\">A Compliance Zero j\u00e1 passou por dez fases. Vorcaro foi preso uma segunda vez em mar\u00e7o de 2026, teve duas propostas de dela\u00e7\u00e3o premiada recusadas e negocia uma terceira. A apura\u00e7\u00e3o migrou para o Supremo.<\/p>\n<p dir=\"ltr\">O Banco Central desmontou o conglomerado por etapas a partir de novembro de 2025, depois de identificar insolv\u00eancia, suspeita de fraude cont\u00e1bil e risco de cont\u00e1gio para outras institui\u00e7\u00f5es. Foram liquidados o Banco Master, o Banco Master de Investimento, o Letsbank e a corretora do grupo; em janeiro de 2026 veio a liquida\u00e7\u00e3o do Will Bank. O epis\u00f3dio se tornou o maior acionamento da hist\u00f3ria do Fundo Garantidor de Cr\u00e9ditos, com cerca de R$ 41 bilh\u00f5es reservados para ressarcir clientes.<\/p>\n<h2 dir=\"ltr\">O rastro no Rio de Janeiro<\/h2>\n<p dir=\"ltr\">O caso tem endere\u00e7o fluminense. O Rioprevid\u00eancia, autarquia que administra a previd\u00eancia dos servidores estaduais, informou ter aplicado cerca de R$ 960 milh\u00f5es em letras financeiras do Master entre outubro de 2023 e agosto de 2024, com vencimento previsto para 2033 e 2034. Letras financeiras n\u00e3o t\u00eam cobertura do FGC.<\/p>\n<p dir=\"ltr\">O Tribunal de Contas do Estado calcula uma exposi\u00e7\u00e3o maior, de at\u00e9 R$ 2,6 bilh\u00f5es, ao somar aplica\u00e7\u00f5es em fundos ligados ao mesmo grupo \u2014 algo em torno de um quarto da carteira do fundo. O governo estadual contesta esse n\u00famero e o Rioprevid\u00eancia sustenta que o total aplicado \u00e9 de R$ 960 milh\u00f5es e que aposentadorias e pens\u00f5es n\u00e3o correm risco. A autarquia argumenta que, na \u00e9poca dos aportes, o Master tinha autoriza\u00e7\u00e3o para operar e nota &#8220;A-&#8221; da Fitch.<\/p>\n<p dir=\"ltr\">Em fevereiro, a Justi\u00e7a do Rio autorizou a reten\u00e7\u00e3o dos repasses de consignados descontados da folha de servidores, aposentados e pensionistas at\u00e9 que o estado recomponha o valor investido.<\/p>\n<hr \/>\n<p dir=\"ltr\"><strong>Fontes:<\/strong><\/p>\n<ul dir=\"ltr\">\n<li><a href=\"https:\/\/diariodopoder.com.br\/brasil-e-regioes\/cib-brasil\/vorcaro-consultou-moraes-sobre-sair-do-brasil-acha-que-2a-ja-tenho-que-estar-fora\">Estad\u00e3o \/ Blog do Fausto Macedo (via Di\u00e1rio do Poder)<\/a><\/li>\n<li><a href=\"https:\/\/revistaforum.com.br\/politica\/daniel-vorcaro-alexandre-de-moraes-fuga\/\">Revista F\u00f3rum<\/a><\/li>\n<li><a href=\"https:\/\/atarde.com.br\/politica\/mensagens-de-vorcaro-questionam-moraes-sobre-fuga-do-pais-antes-da-prisao-1400496\">A Tarde<\/a><\/li>\n<li><a href=\"https:\/\/ndmais.com.br\/justica\/conversa-entre-vorcaro-e-moraes-detalha-bastidores-da-operacao-da-pf\/\">ND Mais<\/a><\/li>\n<li><a href=\"https:\/\/agenciabrasil.ebc.com.br\/economia\/noticia\/2025-11\/rioprevidencia-garante-pagamento-de-aposentadorias-apos-caso-master\">Ag\u00eancia Brasil \u2014 nota do Rioprevid\u00eancia<\/a><\/li>\n<li><a href=\"https:\/\/www.brasildefato.com.br\/2026\/02\/24\/dinheiro-do-rioprevidencia-foi-usado-para-acobertar-fraudes-bancarias-do-master-diz-economista\/\">Brasil de Fato \u2014 c\u00e1lculo do TCE-RJ<\/a><\/li>\n<li><a href=\"https:\/\/sinfrerj.com.br\/conteudo\/10196\/estado-do-rio-obtem-vitoria-na-justica-e-consegue-reter-valores-que-seriam-repassados-ao-banco-master\">Sinfrerj \u2014 decis\u00e3o sobre reten\u00e7\u00e3o dos consignados<\/a><\/li>\n<\/ul>","protected":false},"excerpt":{"rendered":"<p>Conversas extra\u00eddas pela Pol\u00edcia Federal indicam que o dono do Banco Master acompanhava passo a passo o avan\u00e7o da Opera\u00e7\u00e3o Compliance Zero; ministro e defesa n\u00e3o se manifestaram.<\/p>","protected":false},"author":4,"featured_media":28715,"comment_status":"open","ping_status":"open","sticky":false,"template":"","format":"standard","meta":{"googlesitekit_rrm_CAow6MXMDA:productID":"","footnotes":""},"categories":[36,39],"tags":[],"class_list":["post-28714","post","type-post","status-publish","format-standard","has-post-thumbnail","hentry","category-brasil","category-justica-em-foco"],"brizy_media":[],"_links":{"self":[{"href":"https:\/\/jornalcorporativo.com.br\/en\/wp-json\/wp\/v2\/posts\/28714","targetHints":{"allow":["GET"]}}],"collection":[{"href":"https:\/\/jornalcorporativo.com.br\/en\/wp-json\/wp\/v2\/posts"}],"about":[{"href":"https:\/\/jornalcorporativo.com.br\/en\/wp-json\/wp\/v2\/types\/post"}],"author":[{"embeddable":true,"href":"https:\/\/jornalcorporativo.com.br\/en\/wp-json\/wp\/v2\/users\/4"}],"replies":[{"embeddable":true,"href":"https:\/\/jornalcorporativo.com.br\/en\/wp-json\/wp\/v2\/comments?post=28714"}],"version-history":[{"count":3,"href":"https:\/\/jornalcorporativo.com.br\/en\/wp-json\/wp\/v2\/posts\/28714\/revisions"}],"predecessor-version":[{"id":28718,"href":"https:\/\/jornalcorporativo.com.br\/en\/wp-json\/wp\/v2\/posts\/28714\/revisions\/28718"}],"wp:featuredmedia":[{"embeddable":true,"href":"https:\/\/jornalcorporativo.com.br\/en\/wp-json\/wp\/v2\/media\/28715"}],"wp:attachment":[{"href":"https:\/\/jornalcorporativo.com.br\/en\/wp-json\/wp\/v2\/media?parent=28714"}],"wp:term":[{"taxonomy":"category","embeddable":true,"href":"https:\/\/jornalcorporativo.com.br\/en\/wp-json\/wp\/v2\/categories?post=28714"},{"taxonomy":"post_tag","embeddable":true,"href":"https:\/\/jornalcorporativo.com.br\/en\/wp-json\/wp\/v2\/tags?post=28714"}],"curies":[{"name":"wp","href":"https:\/\/api.w.org\/{rel}","templated":true}]}}