{"id":28719,"date":"2026-09-01T17:07:43","date_gmt":"2026-09-01T20:07:43","guid":{"rendered":"https:\/\/jornalcorporativo.com.br\/?p=28719"},"modified":"2026-09-01T17:07:43","modified_gmt":"2026-09-01T20:07:43","slug":"pf-aponta-indicios-de-ao-menos-seis-encontros-entre-vorcaro-e-moraes-entre-2024-e-2025","status":"publish","type":"post","link":"https:\/\/jornalcorporativo.com.br\/en\/brasil\/pf-aponta-indicios-de-ao-menos-seis-encontros-entre-vorcaro-e-moraes-entre-2024-e-2025\/","title":{"rendered":"PF aponta ind\u00edcios de ao menos seis encontros entre Vorcaro e Moraes entre 2024 e 2025"},"content":{"rendered":"<p dir=\"ltr\">A Pol\u00edcia Federal reuniu ind\u00edcios de pelo menos seis encontros entre o ex-banqueiro Daniel Vorcaro e o ministro Alexandre de Moraes, do Supremo Tribunal Federal, no per\u00edodo entre novembro de 2024 e agosto de 2025. O levantamento consta do relat\u00f3rio de 218 p\u00e1ginas cujo sigilo foi retirado nesta ter\u00e7a-feira (1\u00ba) pelo ministro Andr\u00e9 Mendon\u00e7a, relator do caso Master. O documento registra ainda um poss\u00edvel s\u00e9timo encontro. Parte deles teria ocorrido na resid\u00eancia do banqueiro.<\/p>\n<h2 dir=\"ltr\">Como a PF reconstruiu as datas<\/h2>\n<p dir=\"ltr\">Os investigadores n\u00e3o trabalharam com agendas oficiais. A reconstru\u00e7\u00e3o saiu de mensagens em que Vorcaro avisava terceiros sobre onde estava e com quem, de avisos de funcion\u00e1rios e de tratativas para marcar as reuni\u00f5es.<\/p>\n<p dir=\"ltr\">O primeiro registro \u00e9 de 15 de novembro de 2024, quando o banqueiro escreveu \u00e0 filha, Stella, que estava &#8220;com alexandre moraes&#8221;. O epis\u00f3dio foi antecedido por tratativas em que o ex-ministro das Comunica\u00e7\u00f5es F\u00e1bio Faria pediu o endere\u00e7o da resid\u00eancia de Vorcaro para repass\u00e1-lo e transmitiu uma proposta de hor\u00e1rio atribu\u00edda a Moraes.<\/p>\n<p dir=\"ltr\">Outro encontro apontado no relat\u00f3rio teria ocorrido em 19 de mar\u00e7o de 2025. Naquela noite, um funcion\u00e1rio do banqueiro em Bras\u00edlia avisou \u00e0s 20h23 que o &#8220;Min Alexandre chegou&#8221;. Minutos depois, Vorcaro relatou a uma interlocutora e a um diretor do Banco Central que estava com o ministro. J\u00e1 na madrugada seguinte, mencionou a chegada de outras pessoas para falar com &#8220;Alexandre&#8221;. Na leitura da PF, o contexto indica que a reuni\u00e3o pode ter se estendido at\u00e9 pelo menos 0h32, mais de quatro horas.<\/p>\n<p dir=\"ltr\">H\u00e1 tamb\u00e9m registro de 19 de abril de 2025, quando Vorcaro afirmou que iria encontrar o ministro &#8220;perto de casa&#8221; \u2014 prov\u00e1vel refer\u00eancia a Campos do Jord\u00e3o, onde Moraes passaria o feriado.<\/p>\n<h2 dir=\"ltr\">O m\u00e9todo que apagou parte das conversas<\/h2>\n<p dir=\"ltr\">Boa parte do di\u00e1logo entre os dois n\u00e3o foi recuperada. Segundo os investigadores, Vorcaro escrevia o conte\u00fado no aplicativo de notas do celular, fazia uma captura de tela e enviava a imagem pelo WhatsApp no formato de visualiza\u00e7\u00e3o \u00fanica, que se apaga depois de aberta. O interlocutor usava procedimento semelhante.<\/p>\n<p dir=\"ltr\">As mensagens enviadas pelo aplicativo desapareceram, mas as anota\u00e7\u00f5es originais ficaram armazenadas no aparelho e foram localizadas pela per\u00edcia. Foi a partir do cruzamento entre esses arquivos, seus hor\u00e1rios de cria\u00e7\u00e3o e os registros do WhatsApp que a PF concluiu que o destinat\u00e1rio era um contato salvo como &#8220;Alexandre de Moraes BRASILIA&#8221;. O n\u00famero havia sido repassado a Vorcaro em dezembro de 2023.<\/p>\n<h2 dir=\"ltr\">O que o relat\u00f3rio n\u00e3o afirma<\/h2>\n<p dir=\"ltr\">O documento n\u00e3o conclui pela pr\u00e1tica de crime nos encontros. A investiga\u00e7\u00e3o segue em fase de instru\u00e7\u00e3o e a natureza das reuni\u00f5es continua sob an\u00e1lise.<\/p>\n<p dir=\"ltr\">Nos trechos divulgados at\u00e9 agora n\u00e3o h\u00e1 resposta atribu\u00edda a Moraes \u00e0s mensagens em que o banqueiro pede interven\u00e7\u00e3o. A mensagem mais citada \u2014 na v\u00e9spera da pris\u00e3o de Vorcaro, em 17 de novembro de 2025 \u2014 n\u00e3o trazia o nome do destinat\u00e1rio; a identifica\u00e7\u00e3o \u00e9 uma conclus\u00e3o dos investigadores a partir dos metadados, e n\u00e3o um registro expl\u00edcito.<\/p>\n<p dir=\"ltr\">Em mar\u00e7o, ao ser questionado sobre vers\u00e3o anterior desse mesmo material, Moraes afirmou em nota que os prints estavam vinculados a pastas de outras pessoas, o que, no seu argumento, indicaria que as capturas se destinavam a terceiros. O ministro n\u00e3o havia se manifestado sobre o relat\u00f3rio desta ter\u00e7a at\u00e9 o fechamento desta reportagem. A defesa de Vorcaro tamb\u00e9m n\u00e3o comentou.<\/p>\n<p dir=\"ltr\">Mendon\u00e7a enviou o material ao plen\u00e1rio do STF e deu cinco dias para a manifesta\u00e7\u00e3o da Procuradoria-Geral da Rep\u00fablica.<\/p>\n<hr \/>\n<p dir=\"ltr\"><strong>Fontes:<\/strong><\/p>\n<ul dir=\"ltr\">\n<li><a href=\"https:\/\/www.gazetaweb.com\/noticias\/politica\/pf-identifica-indicios-de-ao-menos-seis-encontros-entre-vorcaro-e-moraes-933016\">Gazetaweb \u2014 PF identifica ind\u00edcios de ao menos seis encontros<\/a><\/li>\n<li><a href=\"https:\/\/tocantins.jornalopcao.com.br\/noticias\/pf-identifica-reunioes-de-daniel-vorcaro-com-alexandre-de-moraes-ao-longo-de-2024-e-2025-598498\/\">Jornal Op\u00e7\u00e3o \u2014 PF identifica reuni\u00f5es de Vorcaro com Moraes ao longo de 2024 e 2025<\/a><\/li>\n<li><a href=\"https:\/\/www.brasilemfolhas.com.br\/2026\/09\/mensagens-revelam-reunioes-reservadas-entre-daniel-vorcaro-e-alexandre-de-moraes\/\">Brasil em Folhas \u2014 Mensagens revelam reuni\u00f5es reservadas<\/a><\/li>\n<li><a href=\"https:\/\/www.infomoney.com.br\/brasil\/software-da-pf-e-peritos-contradizem-explicacao-de-moraes-sobre-dialogo-com-vorcaro\/\">InfoMoney\/O Globo \u2014 Software da PF e peritos contradizem explica\u00e7\u00e3o de Moraes<\/a><\/li>\n<li><a href=\"https:\/\/www.clickpicui.com.br\/2026\/09\/pgr-deve-se-manifestar-sobre-supostas.html\">ClickPicu\u00ed \u2014 Detalhes do m\u00e9todo de visualiza\u00e7\u00e3o \u00fanica<\/a><\/li>\n<\/ul>","protected":false},"excerpt":{"rendered":"<p>Relat\u00f3rio liberado nesta ter\u00e7a reconstr\u00f3i datas, hor\u00e1rios e locais a partir de mensagens que o banqueiro trocava com familiares e funcion\u00e1rios.<\/p>","protected":false},"author":4,"featured_media":28715,"comment_status":"open","ping_status":"open","sticky":false,"template":"","format":"standard","meta":{"googlesitekit_rrm_CAow6MXMDA:productID":"","footnotes":""},"categories":[36],"tags":[],"class_list":["post-28719","post","type-post","status-publish","format-standard","has-post-thumbnail","hentry","category-brasil"],"brizy_media":[],"_links":{"self":[{"href":"https:\/\/jornalcorporativo.com.br\/en\/wp-json\/wp\/v2\/posts\/28719","targetHints":{"allow":["GET"]}}],"collection":[{"href":"https:\/\/jornalcorporativo.com.br\/en\/wp-json\/wp\/v2\/posts"}],"about":[{"href":"https:\/\/jornalcorporativo.com.br\/en\/wp-json\/wp\/v2\/types\/post"}],"author":[{"embeddable":true,"href":"https:\/\/jornalcorporativo.com.br\/en\/wp-json\/wp\/v2\/users\/4"}],"replies":[{"embeddable":true,"href":"https:\/\/jornalcorporativo.com.br\/en\/wp-json\/wp\/v2\/comments?post=28719"}],"version-history":[{"count":1,"href":"https:\/\/jornalcorporativo.com.br\/en\/wp-json\/wp\/v2\/posts\/28719\/revisions"}],"predecessor-version":[{"id":28720,"href":"https:\/\/jornalcorporativo.com.br\/en\/wp-json\/wp\/v2\/posts\/28719\/revisions\/28720"}],"wp:featuredmedia":[{"embeddable":true,"href":"https:\/\/jornalcorporativo.com.br\/en\/wp-json\/wp\/v2\/media\/28715"}],"wp:attachment":[{"href":"https:\/\/jornalcorporativo.com.br\/en\/wp-json\/wp\/v2\/media?parent=28719"}],"wp:term":[{"taxonomy":"category","embeddable":true,"href":"https:\/\/jornalcorporativo.com.br\/en\/wp-json\/wp\/v2\/categories?post=28719"},{"taxonomy":"post_tag","embeddable":true,"href":"https:\/\/jornalcorporativo.com.br\/en\/wp-json\/wp\/v2\/tags?post=28719"}],"curies":[{"name":"wp","href":"https:\/\/api.w.org\/{rel}","templated":true}]}}