{"id":6588,"date":"2022-01-12T15:48:43","date_gmt":"2022-01-12T18:48:43","guid":{"rendered":"https:\/\/jornalcorporativo.com.br\/?p=6588"},"modified":"2022-01-25T12:41:55","modified_gmt":"2022-01-25T15:41:55","slug":"petrobras-tem-212-mil-inscritos-para-757-vagas","status":"publish","type":"post","link":"https:\/\/jornalcorporativo.com.br\/en\/economia\/petrobras-tem-212-mil-inscritos-para-757-vagas\/","title":{"rendered":"Petrobras tem 212 mil inscritos para 757 vagas"},"content":{"rendered":"<p class=\"wp-block-paragraph\">Em seu primeiro concurso p\u00fablico em tr\u00eas anos, a Petrobras registrou a inscri\u00e7\u00e3o de 212 mil pessoas de todos os estados brasileiros. Como s\u00e3o apenas 757 vagas para cargos de n\u00edvel superior, a rela\u00e7\u00e3o candidato-vaga ser\u00e1 de 566.<\/p>\n\n\n\n<p class=\"wp-block-paragraph\"><br>Segundo a Petrobras, a prova est\u00e1 prevista para dia 20 de fevereiro e ser\u00e1 realizada nas capitais de todos os estados do Brasil, al\u00e9m do Distrito Federal. Com o concurso, a estatal quer selecionar profissionais &#8220;com perfil din\u00e2mico com foco em inova\u00e7\u00e3o e que queiram participar dos desafios que est\u00e3o no horizonte da empresa para os pr\u00f3ximos anos&#8221;.<\/p>\n\n\n\n<p class=\"wp-block-paragraph\"><br>Os sal\u00e1rios come\u00e7am a partir de R$ 11,7 mil. As vagas s\u00e3o para profissionais com forma\u00e7\u00e3o em diversas engenharias, como a de Petr\u00f3leo, de Equipamentos (el\u00e9trica, eletr\u00f4nica, inspe\u00e7\u00e3o, mec\u00e2nica, terminais e dutos), de Processamento, entre outras. Est\u00e3o ainda forma\u00e7\u00f5es como geof\u00edsica, geologia, ci\u00eancia de dados, an\u00e1lise de sistemas (engenharia de software, infraestrutura e processos de neg\u00f3cio), an\u00e1lise de com\u00e9rcio e suprimento.<\/p>\n\n\n\n<p class=\"wp-block-paragraph\"><br>Segundo a Petrobras, os convocados poder\u00e3o trabalhar em qualquer \u00e1rea ou unidade, a depender da necessidade da Petrobras.<\/p>","protected":false},"excerpt":{"rendered":"<p>Rela\u00e7\u00e3o candidato-vaga \u00e9 de 566<\/p>","protected":false},"author":2,"featured_media":6582,"comment_status":"open","ping_status":"open","sticky":false,"template":"","format":"standard","meta":{"googlesitekit_rrm_CAow6MXMDA:productID":"","footnotes":""},"categories":[4],"tags":[],"class_list":["post-6588","post","type-post","status-publish","format-standard","has-post-thumbnail","hentry","category-economia"],"brizy_media":[],"_links":{"self":[{"href":"https:\/\/jornalcorporativo.com.br\/en\/wp-json\/wp\/v2\/posts\/6588","targetHints":{"allow":["GET"]}}],"collection":[{"href":"https:\/\/jornalcorporativo.com.br\/en\/wp-json\/wp\/v2\/posts"}],"about":[{"href":"https:\/\/jornalcorporativo.com.br\/en\/wp-json\/wp\/v2\/types\/post"}],"author":[{"embeddable":true,"href":"https:\/\/jornalcorporativo.com.br\/en\/wp-json\/wp\/v2\/users\/2"}],"replies":[{"embeddable":true,"href":"https:\/\/jornalcorporativo.com.br\/en\/wp-json\/wp\/v2\/comments?post=6588"}],"version-history":[{"count":0,"href":"https:\/\/jornalcorporativo.com.br\/en\/wp-json\/wp\/v2\/posts\/6588\/revisions"}],"wp:featuredmedia":[{"embeddable":true,"href":"https:\/\/jornalcorporativo.com.br\/en\/wp-json\/wp\/v2\/media\/6582"}],"wp:attachment":[{"href":"https:\/\/jornalcorporativo.com.br\/en\/wp-json\/wp\/v2\/media?parent=6588"}],"wp:term":[{"taxonomy":"category","embeddable":true,"href":"https:\/\/jornalcorporativo.com.br\/en\/wp-json\/wp\/v2\/categories?post=6588"},{"taxonomy":"post_tag","embeddable":true,"href":"https:\/\/jornalcorporativo.com.br\/en\/wp-json\/wp\/v2\/tags?post=6588"}],"curies":[{"name":"wp","href":"https:\/\/api.w.org\/{rel}","templated":true}]}}