{"id":6624,"date":"2022-01-12T17:20:20","date_gmt":"2022-01-12T20:20:20","guid":{"rendered":"https:\/\/jornalcorporativo.com.br\/?p=6624"},"modified":"2022-01-12T17:20:22","modified_gmt":"2022-01-12T20:20:22","slug":"comite-cientifico-do-rio-adia-decisao-sobre-carnaval-da-sapucai","status":"publish","type":"post","link":"https:\/\/jornalcorporativo.com.br\/en\/saude-natural\/comite-cientifico-do-rio-adia-decisao-sobre-carnaval-da-sapucai\/","title":{"rendered":"Comit\u00ea Cient\u00edfico do Rio adia decis\u00e3o sobre carnaval da Sapuca\u00ed"},"content":{"rendered":"<p class=\"wp-block-paragraph\">O Comit\u00ea Cient\u00edfico de Enfrentamento \u00e0 Covid-19, que assessora a prefeitura do Rio, decidiu, em reuni\u00e3o na manh\u00e3 de ontem, adiar a decis\u00e3o sobre a realiza\u00e7\u00e3o dos desfiles no Samb\u00f3dromo da Marqu\u00eas de Sapuca\u00ed. De acordo com o m\u00e9dico pediatra e sanitarista Daniel Becker, um dos membros do comit\u00ea, os especialistas recomendaram ainda que o plano de volta \u00e0s aulas presenciais na rede municipal seja mantido, por considerar que, neste momento, n\u00e3o h\u00e1 evid\u00eancias cient\u00edficas que fundamentem a necessidade do ensino remoto ou h\u00edbrido. Al\u00e9m disso, o comit\u00ea tamb\u00e9m defendeu a retomada do uso de m\u00e1scaras em locais abertos, especialmente onde n\u00e3o for poss\u00edvel manter o distanciamento social, embora o protocolo n\u00e3o deva voltar a ser obrigat\u00f3rio.<\/p>\n\n\n\n<p class=\"wp-block-paragraph\">Em rela\u00e7\u00e3o ao carnaval da Sapuca\u00ed, um novo encontro est\u00e1 marcado para o dia 24 de janeiro, quando os especialistas dever\u00e3o emitir um parecer definitivo sobre o assunto. At\u00e9 l\u00e1, os indicadores da pandemia na cidade continuar\u00e3o sob monitoramento da Secretaria municipal de Sa\u00fade (SMS). Os dados de vigil\u00e2ncia epidemiol\u00f3gica das pr\u00f3ximas semanas tamb\u00e9m ser\u00e3o considerados na quest\u00e3o do retorno \u00e0s aulas presenciais, apesar de o plano inicial da Secretaria municipal de Educa\u00e7\u00e3o (SME) esteja mantido por enquanto.<\/p>\n\n\n\n<p class=\"wp-block-paragraph\">O encontro teve o prop\u00f3sito de reavaliar decis\u00e3o tomada em 22 de dezembro,&nbsp;<a href=\"https:\/\/oglobo.globo.com\/rio\/folia-no-rio-liberada-pelo-comite-cientifico-da-prefeitura-blocos-comemoram-25328282\" target=\"_blank\" rel=\"noreferrer noopener\">quando o comite liberou a realiza\u00e7\u00e3o do carnaval no Rio<\/a>, em raz\u00e3o do avan\u00e7o da variante \u00d4micron e da consequente explos\u00e3o de casos de Covid-19 na cidade. Secret\u00e1rio municipal de Sa\u00fade, Daniel Soranz j\u00e1 sinalizou que seguiria o parecer dos especialistas.<\/p>\n\n\n\n<p class=\"wp-block-paragraph\"><\/p>","protected":false},"excerpt":{"rendered":"<p> Al\u00e9m disso, o comit\u00ea tamb\u00e9m defendeu a retomada do uso de m\u00e1scaras em locais abertos, especialmente onde n\u00e3o for poss\u00edvel manter o distanciamento social<\/p>","protected":false},"author":1,"featured_media":6625,"comment_status":"open","ping_status":"open","sticky":false,"template":"","format":"standard","meta":{"_crdt_document":"","footnotes":""},"categories":[8],"tags":[],"class_list":["post-6624","post","type-post","status-publish","format-standard","has-post-thumbnail","hentry","category-saude-natural"],"brizy_media":[],"_links":{"self":[{"href":"https:\/\/jornalcorporativo.com.br\/en\/wp-json\/wp\/v2\/posts\/6624","targetHints":{"allow":["GET"]}}],"collection":[{"href":"https:\/\/jornalcorporativo.com.br\/en\/wp-json\/wp\/v2\/posts"}],"about":[{"href":"https:\/\/jornalcorporativo.com.br\/en\/wp-json\/wp\/v2\/types\/post"}],"author":[{"embeddable":true,"href":"https:\/\/jornalcorporativo.com.br\/en\/wp-json\/wp\/v2\/users\/1"}],"replies":[{"embeddable":true,"href":"https:\/\/jornalcorporativo.com.br\/en\/wp-json\/wp\/v2\/comments?post=6624"}],"version-history":[{"count":0,"href":"https:\/\/jornalcorporativo.com.br\/en\/wp-json\/wp\/v2\/posts\/6624\/revisions"}],"wp:featuredmedia":[{"embeddable":true,"href":"https:\/\/jornalcorporativo.com.br\/en\/wp-json\/wp\/v2\/media\/6625"}],"wp:attachment":[{"href":"https:\/\/jornalcorporativo.com.br\/en\/wp-json\/wp\/v2\/media?parent=6624"}],"wp:term":[{"taxonomy":"category","embeddable":true,"href":"https:\/\/jornalcorporativo.com.br\/en\/wp-json\/wp\/v2\/categories?post=6624"},{"taxonomy":"post_tag","embeddable":true,"href":"https:\/\/jornalcorporativo.com.br\/en\/wp-json\/wp\/v2\/tags?post=6624"}],"curies":[{"name":"wp","href":"https:\/\/api.w.org\/{rel}","templated":true}]}}