{"id":7231,"date":"2022-02-08T13:19:23","date_gmt":"2022-02-08T16:19:23","guid":{"rendered":"https:\/\/jornalcorporativo.com.br\/?p=7231"},"modified":"2022-02-08T13:19:26","modified_gmt":"2022-02-08T16:19:26","slug":"na-suica-homens-paraplegicos-conseguem-andar-com-ajuda-de-dispositivo","status":"publish","type":"post","link":"https:\/\/jornalcorporativo.com.br\/en\/saude-natural\/na-suica-homens-paraplegicos-conseguem-andar-com-ajuda-de-dispositivo\/","title":{"rendered":"Na Su\u00ed\u00e7a, homens parapl\u00e9gicos conseguem andar com ajuda de dispositivo"},"content":{"rendered":"\n<p class=\"wp-block-paragraph\">Tr\u00eas pacientes parapl\u00e9gicos conseguiram andar, pedalar e nadar gra\u00e7as a um implante que estimula eletricamente a medula espinhal, anunciaram pesquisadores europeus em um estudo publicado na \u00faltima segunda-feira (7) na revista &#8220;Nature Medicine&#8221;.<br>Controlado por um tablet com &#8220;touchscreen&#8221;, o dispositivo foi colocado nos pacientes por neurocirurgi\u00f5es. Feito de 15 eletrodos que permitem a estimula\u00e7\u00e3o el\u00e9trica de v\u00e1rias partes da medula espinhal, o aparelho \u00e9 resultado de 10 anos de estudo.<\/p>\n\n\n\n<p class=\"wp-block-paragraph\">&#8220;Neste estudo, descrevemos um novo arranjo de eletrodos, com eletrodos posicionados precisamente para ativar toda a regi\u00e3o envolvendo o controle do movimento do tronco e das pernas&#8221;, explicou o autor s\u00eanior da pesquisa, Gr\u00e9goire Courtine, da Escola Polit\u00e9cnica Federal de Lausanne.<br>Os pacientes operados puderam dar seus primeiros passos na esteira de um laborat\u00f3rio quase que imediatamente ap\u00f3s a cirurgia, embora o movimento n\u00e3o seja compar\u00e1vel a uma caminhada normal. &#8220;N\u00e3o se deve imaginar um milagre imediato&#8221;, explicou Courtine em entrevista coletiva.<br>O cientista esclareceu que, diferente de grupos anteriores \u2013 que aplicavam um campo el\u00e9trico bastante amplo, que ativava primariamente o dorso da medula espinhal \u2013, o grupo dele colocou os eletrodos de forma mais lateral na medula. A inten\u00e7\u00e3o era acessar uma esp\u00e9cie de cabo que entra na medula espinhal.<br>&#8220;Dessa forma, pudemos ser muito espec\u00edficos nas diferentes regi\u00f5es da medula espinhal que ativamos. Isso \u00e9 o que traz especificidade na estimula\u00e7\u00e3o&#8221;, disse Courtine.<br>&#8220;[\u00c9] uma tecnologia muito mais precisa, que nos permitiu visar indiv\u00edduos com a forma mais grave de les\u00e3o medular \u2013 les\u00e3o medular clinicamente completa, sem sensa\u00e7\u00e3o, sem movimento. E, no entanto, com essa tecnologia, eles conseguiram dar passos independentes ao ar livre, fora do laborat\u00f3rio&#8221;, completou o pesquisador.<\/p>\n","protected":false},"excerpt":{"rendered":"<p>Tr\u00eas pacientes parapl\u00e9gicos conseguiram andar, pedalar e nadar gra\u00e7as a um implante que estimula eletricamente a medula espinhal, anunciaram pesquisadores europeus em um estudo publicado na \u00faltima segunda-feira (7) na revista &#8220;Nature Medicine&#8221;.Controlado por um tablet com &#8220;touchscreen&#8221;, o dispositivo foi colocado nos pacientes por neurocirurgi\u00f5es. Feito de 15 eletrodos que permitem a estimula\u00e7\u00e3o el\u00e9trica [&hellip;]<\/p>\n","protected":false},"author":3,"featured_media":7232,"comment_status":"open","ping_status":"open","sticky":false,"template":"","format":"standard","meta":{"_crdt_document":"","footnotes":""},"categories":[8],"tags":[135],"class_list":["post-7231","post","type-post","status-publish","format-standard","has-post-thumbnail","hentry","category-saude-natural","tag-tecnologia"],"brizy_media":[],"_links":{"self":[{"href":"https:\/\/jornalcorporativo.com.br\/en\/wp-json\/wp\/v2\/posts\/7231","targetHints":{"allow":["GET"]}}],"collection":[{"href":"https:\/\/jornalcorporativo.com.br\/en\/wp-json\/wp\/v2\/posts"}],"about":[{"href":"https:\/\/jornalcorporativo.com.br\/en\/wp-json\/wp\/v2\/types\/post"}],"author":[{"embeddable":true,"href":"https:\/\/jornalcorporativo.com.br\/en\/wp-json\/wp\/v2\/users\/3"}],"replies":[{"embeddable":true,"href":"https:\/\/jornalcorporativo.com.br\/en\/wp-json\/wp\/v2\/comments?post=7231"}],"version-history":[{"count":0,"href":"https:\/\/jornalcorporativo.com.br\/en\/wp-json\/wp\/v2\/posts\/7231\/revisions"}],"wp:featuredmedia":[{"embeddable":true,"href":"https:\/\/jornalcorporativo.com.br\/en\/wp-json\/wp\/v2\/media\/7232"}],"wp:attachment":[{"href":"https:\/\/jornalcorporativo.com.br\/en\/wp-json\/wp\/v2\/media?parent=7231"}],"wp:term":[{"taxonomy":"category","embeddable":true,"href":"https:\/\/jornalcorporativo.com.br\/en\/wp-json\/wp\/v2\/categories?post=7231"},{"taxonomy":"post_tag","embeddable":true,"href":"https:\/\/jornalcorporativo.com.br\/en\/wp-json\/wp\/v2\/tags?post=7231"}],"curies":[{"name":"wp","href":"https:\/\/api.w.org\/{rel}","templated":true}]}}