{"id":7235,"date":"2022-02-08T14:13:00","date_gmt":"2022-02-08T17:13:00","guid":{"rendered":"https:\/\/jornalcorporativo.com.br\/?p=7235"},"modified":"2022-02-08T14:13:04","modified_gmt":"2022-02-08T17:13:04","slug":"russia-envia-navios-de-guerra-para-o-mar-negro","status":"publish","type":"post","link":"https:\/\/jornalcorporativo.com.br\/en\/internacional\/russia-envia-navios-de-guerra-para-o-mar-negro\/","title":{"rendered":"R\u00fassia envia navios de guerra para o Mar Negro"},"content":{"rendered":"<p class=\"wp-block-paragraph\">A R\u00fassia vai enviar seis navios de guerra para o Mar Negro para exerc\u00edcios navais, anunciou nesta ter\u00e7a-feira (8) o Minist\u00e9rio da Defesa do pa\u00eds, segundo a ag\u00eancia de not\u00edcias Inferfax.<br>Toda a costa da Ucr\u00e2nia est\u00e1 voltada para o Mar Negro \u2014 inclusive a Crimeia, regi\u00e3o que a R\u00fassia invadiu e tomou dos ucranianos em 2014. Ao norte do pa\u00eds est\u00e1 Belarus e ao leste, a R\u00fassia.<\/p>\n\n\n\n<p class=\"wp-block-paragraph\">O an\u00fancio \u00e9 feito um dia ap\u00f3s o ministro da Defesa ucraniano, Oleksii Reznikov, anunciar que o pa\u00eds vai realizar dez dias de exerc\u00edcios militares, com drones e m\u00edsseis antitanque, em resposta \u00e0s atividades das tropas russas em Belarus.<br>Tamb\u00e9m nesta ter\u00e7a, soldados americanos come\u00e7aram a desembarcar na Rom\u00eania, pa\u00eds que \u00e9 o membro da Otan mais pr\u00f3ximo da \u00e1rea de tens\u00e3o, faz fronteira com a Ucr\u00e2nia e tem sa\u00edda para o Mar Negro.<\/p>\n\n\n\n<p class=\"wp-block-paragraph\">Ucr\u00e2nia anuncia exerc\u00edcios militares<br>Os navios russos devem passar pelo estreito da Turquia at\u00e9 o Mar Negro at\u00e9 amanh\u00e3. Ao menos um navio de guerra, o Minsk, j\u00e1 foi visto passando pela cidade turca de Canakkale nesta ter\u00e7a.<\/p>\n\n\n\n<p class=\"wp-block-paragraph\">Al\u00e9m do Minsk, o Korolev e o Kaliningrado tamb\u00e9m devem navegar pelo Estreito de B\u00f3sforo hoje, enquanto o Pyotr Morgunov, o Georgy Pobedonosets e o Olenegorsky Gornyak devem passar na quarta-feira (9).<br>A Turquia, que tem fronteira mar\u00edtima com a Ucr\u00e2nia e a R\u00fassia no Mar Negro e faz parte da Otan, disse que qualquer conflito militar seria inaceit\u00e1vel (legalmente, o pa\u00eds pode fechar o Estreito de B\u00f3sforo em caso de ataque).<\/p>\n\n\n\n<p class=\"wp-block-paragraph\">Exerc\u00edcios militares<br>O Minist\u00e9rio da Defesa russo afirmou que o movimento j\u00e1 estava pr\u00e9-planejado, segundo a Interfax. No m\u00eas passado, o pa\u00eds anunciou que sua Marinha realizaria um amplo conjunto de exerc\u00edcios em janeiro e fevereiro, envolvendo todas as suas frotas, do Oceano Pac\u00edfico ao Atl\u00e2ntico.<\/p>","protected":false},"excerpt":{"rendered":"<p>An\u00fancio \u00e9 feito 1 dia ap\u00f3s Ucr\u00e2nia dizer que far\u00e1 10 dias de exerc\u00edcios militares, com drones e m\u00edsseis antitanque<\/p>","protected":false},"author":3,"featured_media":7236,"comment_status":"open","ping_status":"open","sticky":false,"template":"","format":"standard","meta":{"_crdt_document":"","footnotes":""},"categories":[2],"tags":[113],"class_list":["post-7235","post","type-post","status-publish","format-standard","has-post-thumbnail","hentry","category-internacional","tag-guerra"],"brizy_media":[],"_links":{"self":[{"href":"https:\/\/jornalcorporativo.com.br\/en\/wp-json\/wp\/v2\/posts\/7235","targetHints":{"allow":["GET"]}}],"collection":[{"href":"https:\/\/jornalcorporativo.com.br\/en\/wp-json\/wp\/v2\/posts"}],"about":[{"href":"https:\/\/jornalcorporativo.com.br\/en\/wp-json\/wp\/v2\/types\/post"}],"author":[{"embeddable":true,"href":"https:\/\/jornalcorporativo.com.br\/en\/wp-json\/wp\/v2\/users\/3"}],"replies":[{"embeddable":true,"href":"https:\/\/jornalcorporativo.com.br\/en\/wp-json\/wp\/v2\/comments?post=7235"}],"version-history":[{"count":0,"href":"https:\/\/jornalcorporativo.com.br\/en\/wp-json\/wp\/v2\/posts\/7235\/revisions"}],"wp:featuredmedia":[{"embeddable":true,"href":"https:\/\/jornalcorporativo.com.br\/en\/wp-json\/wp\/v2\/media\/7236"}],"wp:attachment":[{"href":"https:\/\/jornalcorporativo.com.br\/en\/wp-json\/wp\/v2\/media?parent=7235"}],"wp:term":[{"taxonomy":"category","embeddable":true,"href":"https:\/\/jornalcorporativo.com.br\/en\/wp-json\/wp\/v2\/categories?post=7235"},{"taxonomy":"post_tag","embeddable":true,"href":"https:\/\/jornalcorporativo.com.br\/en\/wp-json\/wp\/v2\/tags?post=7235"}],"curies":[{"name":"wp","href":"https:\/\/api.w.org\/{rel}","templated":true}]}}