{"id":7239,"date":"2022-02-08T14:13:47","date_gmt":"2022-02-08T17:13:47","guid":{"rendered":"https:\/\/jornalcorporativo.com.br\/?p=7239"},"modified":"2022-02-08T14:13:50","modified_gmt":"2022-02-08T17:13:50","slug":"soldados-americanos-comecam-a-desembarcar-na-romenia","status":"publish","type":"post","link":"https:\/\/jornalcorporativo.com.br\/en\/internacional\/soldados-americanos-comecam-a-desembarcar-na-romenia\/","title":{"rendered":"Soldados americanos come\u00e7am a desembarcar na Rom\u00eania"},"content":{"rendered":"<p class=\"wp-block-paragraph\">Soldados americanos come\u00e7aram a desembarcar na Rom\u00eania nesta ter\u00e7a-feira (8), anunciou o ministro da Defesa deste pa\u00eds.<br>&#8220;J\u00e1 chegaram cerca de cem soldados americanos, especialistas que se encarregar\u00e3o de organizar o desenvolvimento do futuro contingente&#8221;, disse Vasile Dancu em entrevista coletiva.<br>&#8220;O restante das tropas ser\u00e1 incorporado em breve&#8221;, afirmou sem fornecer detalhes sobre a data e para quais bases militares ser\u00e3o alocados.<\/p>\n\n\n\n<p class=\"wp-block-paragraph\">Na semana passada, os Estados Unidos anunciaram o envio de 3 mil soldados para a Europa Oriental em meio ao aumento da tens\u00e3o na fronteira russa com a Ucr\u00e2nia.<br>A Rom\u00eania, que deve receber 1 mil soldados americanos, \u00e9 o bra\u00e7o da Otan mais pr\u00f3ximo da \u00e1rea de tens\u00e3o com a R\u00fassia.<br>O governo de Vladimir Putin exigiu, no m\u00eas passado, a retirada das tropas da Rom\u00eania e da Bulg\u00e1ria.<\/p>\n\n\n\n<p class=\"wp-block-paragraph\">Os Estados Unidos anunciaram no in\u00edcio de fevereiro que enviariam mais de 3 mil soldados para o Leste Europeu, incluindo 1 mil para a Rom\u00eania, para apoiar as for\u00e7as da Otan j\u00e1 presentes no terreno.<br>O Ocidente teme uma invas\u00e3o russa da Ucr\u00e2nia, por causa das dezenas de milhares de tropas posicionadas na fronteira.<br>No s\u00e1bado (5), outros soldados americanos j\u00e1 haviam chegado \u00e0 Pol\u00f4nia, pa\u00eds que abrigar\u00e1 um total de 1,7 mil deles.<br>Outros pa\u00edses membros da Otan j\u00e1 anunciaram sua inten\u00e7\u00e3o de fortalecer a presen\u00e7a da alian\u00e7a na regi\u00e3o do Mar Negro, onde \u00e9 muito menor do que no norte, especificamente no B\u00e1ltico.<br>A Rom\u00eania, membro da Otan desde 2004, abriga 900 soldados americanos, 140 italianos e 250 poloneses em seu territ\u00f3rio.<\/p>","protected":false},"excerpt":{"rendered":"<p>Pa\u00eds \u00e9 o mais pr\u00f3ximo da \u00e1rea de tens\u00e3o. Semana passada, governo russo exigiu a retirada das tropas da Otan da Rom\u00eania e da Bulg\u00e1ria<\/p>","protected":false},"author":3,"featured_media":7240,"comment_status":"open","ping_status":"open","sticky":false,"template":"","format":"standard","meta":{"_crdt_document":"","footnotes":""},"categories":[2],"tags":[61],"class_list":["post-7239","post","type-post","status-publish","format-standard","has-post-thumbnail","hentry","category-internacional","tag-russia"],"brizy_media":[],"_links":{"self":[{"href":"https:\/\/jornalcorporativo.com.br\/en\/wp-json\/wp\/v2\/posts\/7239","targetHints":{"allow":["GET"]}}],"collection":[{"href":"https:\/\/jornalcorporativo.com.br\/en\/wp-json\/wp\/v2\/posts"}],"about":[{"href":"https:\/\/jornalcorporativo.com.br\/en\/wp-json\/wp\/v2\/types\/post"}],"author":[{"embeddable":true,"href":"https:\/\/jornalcorporativo.com.br\/en\/wp-json\/wp\/v2\/users\/3"}],"replies":[{"embeddable":true,"href":"https:\/\/jornalcorporativo.com.br\/en\/wp-json\/wp\/v2\/comments?post=7239"}],"version-history":[{"count":0,"href":"https:\/\/jornalcorporativo.com.br\/en\/wp-json\/wp\/v2\/posts\/7239\/revisions"}],"wp:featuredmedia":[{"embeddable":true,"href":"https:\/\/jornalcorporativo.com.br\/en\/wp-json\/wp\/v2\/media\/7240"}],"wp:attachment":[{"href":"https:\/\/jornalcorporativo.com.br\/en\/wp-json\/wp\/v2\/media?parent=7239"}],"wp:term":[{"taxonomy":"category","embeddable":true,"href":"https:\/\/jornalcorporativo.com.br\/en\/wp-json\/wp\/v2\/categories?post=7239"},{"taxonomy":"post_tag","embeddable":true,"href":"https:\/\/jornalcorporativo.com.br\/en\/wp-json\/wp\/v2\/tags?post=7239"}],"curies":[{"name":"wp","href":"https:\/\/api.w.org\/{rel}","templated":true}]}}