{"id":7243,"date":"2022-02-08T14:14:38","date_gmt":"2022-02-08T17:14:38","guid":{"rendered":"https:\/\/jornalcorporativo.com.br\/?p=7243"},"modified":"2022-02-08T14:14:41","modified_gmt":"2022-02-08T17:14:41","slug":"papa-bento-xvi-pede-perdao-por-abusos-e-erros-do-clero","status":"publish","type":"post","link":"https:\/\/jornalcorporativo.com.br\/en\/internacional\/papa-bento-xvi-pede-perdao-por-abusos-e-erros-do-clero\/","title":{"rendered":"Papa Bento XVI pede perd\u00e3o por &#8216;abusos&#8217; e &#8216;erros&#8217; do clero"},"content":{"rendered":"<p class=\"wp-block-paragraph\">O papa em\u00e9rito Bento XVI, que recentemente foi acusado de ter acobertado casos de pedofilia na \u00e9poca em que era arcebispo, divulgou uma carta nesta ter\u00e7a-feira (8) em que pede perd\u00e3o por &#8220;abusos&#8221; e &#8220;erros&#8221; do clero e afirmou que est\u00e1 pronto para enfrentar &#8220;o juiz final da minha vida&#8221;.<br>Bento XVI, que renunciou ao papado em 2013 e est\u00e1 com 94 anos, disse no documento que foi &#8220;profundamente prejudicial&#8221; ter sido rotulado de mentiroso por causa da sua omiss\u00e3o sobre os abusos, mas que reconhece os &#8220;erros ocorridos&#8221;.<br>Um relat\u00f3rio independente publicado em 20 de janeiro deste ano afirma que o ent\u00e3o arcebispo Joseph Ratzinger teria acobertado quatro casos de pedofilia na Alemanha mais de 20 anos antes de se tornar o l\u00edder da Igreja Cat\u00f3lica.<br>Os abusos aconteceram quando Bento XVI ainda era arcebispo de Munique, e o documento diz que padres ped\u00f3filos continuaram na Igreja e Ratzinger n\u00e3o imp\u00f4s nenhuma restri\u00e7\u00e3o expl\u00edcita \u00e0s atividades deles nem iniciou qualquer processo interno de investiga\u00e7\u00e3o.<br>O relat\u00f3rio tamb\u00e9m afirma que Ratzinger n\u00e3o teve interesse em falar com as v\u00edtimas ou cuidar delas e o m\u00e1ximo que fez foi transferir um dos ped\u00f3filos, mas o padre abusador continuou trabalhando na pastoral.<br>Quatro dias ap\u00f3s a divulga\u00e7\u00e3o do relat\u00f3rio, Bento XVI admitiu que participou de uma reuni\u00e3o em janeiro de 1980 sobre um dos padres acusados de abuso sexual de menores.<br>Em um comunicado, Bento XVI mudou uma declara\u00e7\u00e3o anterior, em que dizia que n\u00e3o tinha participado do encontro, e pediu desculpas.<\/p>","protected":false},"excerpt":{"rendered":"<p>Papa foi acusado recentemente de ter acobertado casos de pedofilia de padres<\/p>","protected":false},"author":3,"featured_media":7244,"comment_status":"open","ping_status":"open","sticky":false,"template":"","format":"standard","meta":{"_crdt_document":"","footnotes":""},"categories":[2],"tags":[136],"class_list":["post-7243","post","type-post","status-publish","format-standard","has-post-thumbnail","hentry","category-internacional","tag-papa-bento-xvi"],"brizy_media":[],"_links":{"self":[{"href":"https:\/\/jornalcorporativo.com.br\/en\/wp-json\/wp\/v2\/posts\/7243","targetHints":{"allow":["GET"]}}],"collection":[{"href":"https:\/\/jornalcorporativo.com.br\/en\/wp-json\/wp\/v2\/posts"}],"about":[{"href":"https:\/\/jornalcorporativo.com.br\/en\/wp-json\/wp\/v2\/types\/post"}],"author":[{"embeddable":true,"href":"https:\/\/jornalcorporativo.com.br\/en\/wp-json\/wp\/v2\/users\/3"}],"replies":[{"embeddable":true,"href":"https:\/\/jornalcorporativo.com.br\/en\/wp-json\/wp\/v2\/comments?post=7243"}],"version-history":[{"count":0,"href":"https:\/\/jornalcorporativo.com.br\/en\/wp-json\/wp\/v2\/posts\/7243\/revisions"}],"wp:featuredmedia":[{"embeddable":true,"href":"https:\/\/jornalcorporativo.com.br\/en\/wp-json\/wp\/v2\/media\/7244"}],"wp:attachment":[{"href":"https:\/\/jornalcorporativo.com.br\/en\/wp-json\/wp\/v2\/media?parent=7243"}],"wp:term":[{"taxonomy":"category","embeddable":true,"href":"https:\/\/jornalcorporativo.com.br\/en\/wp-json\/wp\/v2\/categories?post=7243"},{"taxonomy":"post_tag","embeddable":true,"href":"https:\/\/jornalcorporativo.com.br\/en\/wp-json\/wp\/v2\/tags?post=7243"}],"curies":[{"name":"wp","href":"https:\/\/api.w.org\/{rel}","templated":true}]}}