{"id":7249,"date":"2022-02-08T17:07:16","date_gmt":"2022-02-08T20:07:16","guid":{"rendered":"https:\/\/jornalcorporativo.com.br\/?p=7249"},"modified":"2022-02-08T17:07:19","modified_gmt":"2022-02-08T20:07:19","slug":"moro-diz-que-vai-manter-imunidade-tributaria-de-igrejas-e-defender-lei-do-aborto","status":"publish","type":"post","link":"https:\/\/jornalcorporativo.com.br\/en\/politica\/moro-diz-que-vai-manter-imunidade-tributaria-de-igrejas-e-defender-lei-do-aborto\/","title":{"rendered":"Moro diz que vai manter imunidade tribut\u00e1ria de igrejas e defender lei do aborto"},"content":{"rendered":"<p class=\"wp-block-paragraph\">O ex-juiz e pr\u00e9-candidato a presidente da Rep\u00fablica Sergio Moro (Podemos) publicou na \u00faltima segunda-feira (7), em evento evang\u00e9lico no Cear\u00e1, uma carta direcionada ao eleitorado evang\u00e9lico afirmando, entre outros pontos, que ir\u00e1 manter a imunidade tribut\u00e1ria de igrejas e defender a atual legisla\u00e7\u00e3o sobre o aborto.<\/p>\n\n\n\n<p class=\"wp-block-paragraph\">Pontos importantes<br>No ponto 4 da \u201cCarta de Princ\u00edpios para os Crist\u00e3os\u201d, est\u00e1 escrito que a candidatura defende a &#8220;n\u00e3o amplia\u00e7\u00e3o da legisla\u00e7\u00e3o em rela\u00e7\u00e3o ao aborto&#8221; e far\u00e1 &#8220;a defesa da preserva\u00e7\u00e3o da vida humana em todas as suas manifesta\u00e7\u00f5es, conforme lei brasileira em vigor&#8221;.<br>De acordo com o C\u00f3digo Penal Brasileiro, a realiza\u00e7\u00e3o de aborto \u00e9 considerada uma pr\u00e1tica criminosa, exceto em tr\u00eas circunst\u00e2ncias: quando a gravidez \u00e9 fruto de um estupro, quando a gestante corre risco de morte ou nos casos em que o feto \u00e9 identificado com anencefalia.<br>J\u00e1 no ponto 6, o documento diz que garantir\u00e1 os benef\u00edcios legais e constitucionais \u00e0s organiza\u00e7\u00f5es religiosas e do Terceiro Setor, &#8220;bem como a imunidade tribut\u00e1ria e o direito de acomoda\u00e7\u00e3o dos dias sagrados&#8221;.<br>Em novembro, a C\u00e2mara dos Deputados aprovou uma lei que cria requisitos para que entidades beneficentes de assist\u00eancia social, sa\u00fade ou educa\u00e7\u00e3o recebam imunidade tribut\u00e1ria nas contribui\u00e7\u00f5es \u00e0 seguridade social &#8211; inclusive organiza\u00e7\u00f5es religiosas.<br>No mesmo documento, o pr\u00e9-candidato do Podemos diz que &#8220;valorizar\u00e1 a autonomia da institui\u00e7\u00e3o familiar, respeitar\u00e1 as prefer\u00eancias afetivas e sexuais de cada indiv\u00edduo e a preservar\u00e1 os direitos de cada um dos seus membros&#8221;.<br>&#8220;O Estado deve evitar ao m\u00e1ximo invadir a esfera da liberdade privada, assim como deve preservar as crian\u00e7as e adolescentes da sexualiza\u00e7\u00e3o precoce&#8221;, diz a carta.<\/p>","protected":false},"excerpt":{"rendered":"<p>\u201cCarta de Princ\u00edpios para os Crist\u00e3os\u201d foi publicada na segunda-feira (7) direcionada ao eleitorado evang\u00e9lico<\/p>","protected":false},"author":3,"featured_media":7250,"comment_status":"open","ping_status":"open","sticky":false,"template":"","format":"standard","meta":{"_crdt_document":"","footnotes":""},"categories":[7],"tags":[137],"class_list":["post-7249","post","type-post","status-publish","format-standard","has-post-thumbnail","hentry","category-politica","tag-moro"],"brizy_media":[],"_links":{"self":[{"href":"https:\/\/jornalcorporativo.com.br\/en\/wp-json\/wp\/v2\/posts\/7249","targetHints":{"allow":["GET"]}}],"collection":[{"href":"https:\/\/jornalcorporativo.com.br\/en\/wp-json\/wp\/v2\/posts"}],"about":[{"href":"https:\/\/jornalcorporativo.com.br\/en\/wp-json\/wp\/v2\/types\/post"}],"author":[{"embeddable":true,"href":"https:\/\/jornalcorporativo.com.br\/en\/wp-json\/wp\/v2\/users\/3"}],"replies":[{"embeddable":true,"href":"https:\/\/jornalcorporativo.com.br\/en\/wp-json\/wp\/v2\/comments?post=7249"}],"version-history":[{"count":0,"href":"https:\/\/jornalcorporativo.com.br\/en\/wp-json\/wp\/v2\/posts\/7249\/revisions"}],"wp:featuredmedia":[{"embeddable":true,"href":"https:\/\/jornalcorporativo.com.br\/en\/wp-json\/wp\/v2\/media\/7250"}],"wp:attachment":[{"href":"https:\/\/jornalcorporativo.com.br\/en\/wp-json\/wp\/v2\/media?parent=7249"}],"wp:term":[{"taxonomy":"category","embeddable":true,"href":"https:\/\/jornalcorporativo.com.br\/en\/wp-json\/wp\/v2\/categories?post=7249"},{"taxonomy":"post_tag","embeddable":true,"href":"https:\/\/jornalcorporativo.com.br\/en\/wp-json\/wp\/v2\/tags?post=7249"}],"curies":[{"name":"wp","href":"https:\/\/api.w.org\/{rel}","templated":true}]}}