{"id":7269,"date":"2022-02-08T18:02:58","date_gmt":"2022-02-08T21:02:58","guid":{"rendered":"https:\/\/jornalcorporativo.com.br\/?p=7269"},"modified":"2022-02-08T18:03:01","modified_gmt":"2022-02-08T21:03:01","slug":"bovespa-opera-em-queda-apos-divulgacao-de-ata-do-copom","status":"publish","type":"post","link":"https:\/\/jornalcorporativo.com.br\/en\/economia\/bovespa-opera-em-queda-apos-divulgacao-de-ata-do-copom\/","title":{"rendered":"Bovespa opera em queda ap\u00f3s divulga\u00e7\u00e3o de ata do Copom"},"content":{"rendered":"<p class=\"wp-block-paragraph\">O principal \u00edndice de a\u00e7\u00f5es da bolsa de valores de S\u00e3o Paulo, a B3, opera em queda nesta ter\u00e7a-feira (8), com os investidores avaliando a ata da reuni\u00e3o do Copom que definiu a alta da Selic para 10,75%.<br>\u00c0s 14h01, o Ibovespa recuava 0,18%, a 111.790 pontos.<br>Na segunda-feira, a bolsa fechou em queda de 0,22%, a 111.996 pontos. Com o resultado, o Ibovespa acumula queda de 0,13% no m\u00eas e alta de 6,84% no ano.<\/p>\n\n\n\n<p class=\"wp-block-paragraph\">Cen\u00e1rio<br>O Banco Central divulgou mais cedo a ata da reuni\u00e3o do Copom que definiu a eleva\u00e7\u00e3o da taxa Selic a 10,75%. No documento, o comit\u00ea estima que a infla\u00e7\u00e3o deste ano deve ficar acima do teto de 5% ao ano, o que representar\u00e1, se confirmado, o estouro da meta de infla\u00e7\u00e3o pelo segundo ano consecutivo. Em 2022, a meta central de infla\u00e7\u00e3o \u00e9 de 3,5% e ser\u00e1 oficialmente cumprida se o \u00edndice oscilar de 2% a 5%.<br>O Copom tamb\u00e9m indicou que o pr\u00f3ximo aumento da taxa b\u00e1sica de juros, em meados do m\u00eas de mar\u00e7o, ser\u00e1 menor \u2013 na reuni\u00e3o da semana passada, o aumento foi de 1,5 ponto percentual, para 10,75% ao ano.<br>Para o Ita\u00fa, a ata indica um ritmo mais lento de eleva\u00e7\u00e3o da taxa Selic, mas sem uma pausa iminente. &#8220;Passamos a esperar agora que o ciclo de aperto monet\u00e1rio termine com a taxa Selic em 12,50% ao ano&#8221;, destacou o banco. At\u00e9 ent\u00e3o, a proje\u00e7\u00e3o era de Selic terminal de 11,75%.<\/p>","protected":false},"excerpt":{"rendered":"<p>Infla\u00e7\u00e3o deste ano deve ficar acima do teto de 5%<\/p>","protected":false},"author":3,"featured_media":7270,"comment_status":"open","ping_status":"open","sticky":false,"template":"","format":"standard","meta":{"_crdt_document":"","footnotes":""},"categories":[4],"tags":[139],"class_list":["post-7269","post","type-post","status-publish","format-standard","has-post-thumbnail","hentry","category-economia","tag-bovespa"],"brizy_media":[],"_links":{"self":[{"href":"https:\/\/jornalcorporativo.com.br\/en\/wp-json\/wp\/v2\/posts\/7269","targetHints":{"allow":["GET"]}}],"collection":[{"href":"https:\/\/jornalcorporativo.com.br\/en\/wp-json\/wp\/v2\/posts"}],"about":[{"href":"https:\/\/jornalcorporativo.com.br\/en\/wp-json\/wp\/v2\/types\/post"}],"author":[{"embeddable":true,"href":"https:\/\/jornalcorporativo.com.br\/en\/wp-json\/wp\/v2\/users\/3"}],"replies":[{"embeddable":true,"href":"https:\/\/jornalcorporativo.com.br\/en\/wp-json\/wp\/v2\/comments?post=7269"}],"version-history":[{"count":0,"href":"https:\/\/jornalcorporativo.com.br\/en\/wp-json\/wp\/v2\/posts\/7269\/revisions"}],"wp:featuredmedia":[{"embeddable":true,"href":"https:\/\/jornalcorporativo.com.br\/en\/wp-json\/wp\/v2\/media\/7270"}],"wp:attachment":[{"href":"https:\/\/jornalcorporativo.com.br\/en\/wp-json\/wp\/v2\/media?parent=7269"}],"wp:term":[{"taxonomy":"category","embeddable":true,"href":"https:\/\/jornalcorporativo.com.br\/en\/wp-json\/wp\/v2\/categories?post=7269"},{"taxonomy":"post_tag","embeddable":true,"href":"https:\/\/jornalcorporativo.com.br\/en\/wp-json\/wp\/v2\/tags?post=7269"}],"curies":[{"name":"wp","href":"https:\/\/api.w.org\/{rel}","templated":true}]}}