{"id":7489,"date":"2022-02-16T16:23:17","date_gmt":"2022-02-16T19:23:17","guid":{"rendered":"https:\/\/jornalcorporativo.com.br\/?p=7489"},"modified":"2022-02-16T16:23:22","modified_gmt":"2022-02-16T19:23:22","slug":"dia-da-unidade-feriado-criado-pela-ucrania-em-resposta-as-ameacas","status":"publish","type":"post","link":"https:\/\/jornalcorporativo.com.br\/en\/internacional\/dia-da-unidade-feriado-criado-pela-ucrania-em-resposta-as-ameacas\/","title":{"rendered":"&#8216;Dia da Unidade&#8217;, &#8216;feriado&#8217; criado pela Ucr\u00e2nia em resposta \u00e0s amea\u00e7as"},"content":{"rendered":"<p class=\"wp-block-paragraph\">O presidente da Ucr\u00e2nia, Volodymyr Zelensky, decretou no in\u00edcio da semana que em 16 de fevereiro o pa\u00eds celebraria o &#8220;Dia da Unidade Nacional&#8221;.<br>A data escolhida vinha sendo citada pela imprensa americana como o dia de uma poss\u00edvel invas\u00e3o russa em meio \u00e0s crescentes tens\u00f5es na regi\u00e3o.<br>&#8220;Eles nos dizem que o dia 16 de fevereiro ser\u00e1 o dia do ataque. Faremos dele um dia de unidade&#8221;, disse Zelensky em um pronunciamento em v\u00eddeo.<br>Entenda, nesta reportagem, o que \u00e9 o &#8220;feriado&#8221; criado pelos ucranianos em resposta \u00e0s amea\u00e7as russas.<\/p>\n\n\n\n<p class=\"wp-block-paragraph\">16 de fevereiro<br>Zelensky anunciou o &#8220;Dia da Unidade&#8221; para 16 de fevereiro ap\u00f3s uma s\u00e9rie de reportagens da imprensa americana indicarem a data como a de uma poss\u00edvel invas\u00e3o russa.<br>&#8220;Est\u00e3o tentando nos assustar, mais uma vez, com uma data para o in\u00edcio da a\u00e7\u00e3o militar&#8221;, disse o presidente ucraniano em pronunciamento.<br>Diversos jornais estimaram este dia a partir de fontes an\u00f4nimas da Intelig\u00eancia dos Estados Unidos que afirmavam ser a data em que o Ex\u00e9rcito russo estaria com capacidade completa para atacar.<br>A R\u00fassia negou qualquer inten\u00e7\u00e3o de invadir o territ\u00f3rio vizinho e anunciou o in\u00edcio da retirada de seus soldados da Crimeia nesta quarta.<br>Tropas russas em Belarus tamb\u00e9m anunciaram que deixar\u00e3o o territ\u00f3rio vizinho \u00e0 Ucr\u00e2nia ap\u00f3s o fim dos exerc\u00edcios militares, em 20 de fevereiro.<\/p>\n\n\n\n<p class=\"wp-block-paragraph\">Hino nacional e cores da bandeira<br>Zelensky pediu que os ucranianos cantem juntos o hino nacional nesta &#8220;festa c\u00edvica&#8221;. Al\u00e9m disso, ele incentivou que os cidad\u00e3os pendurem bandeiras e faixas nas cores azul e amarela em suas janelas.<br>No est\u00e1dio ol\u00edmpico de Kiev, dezenas pessoas desdobraram uma bandeira ucraniana de 200 metros de comprimento, agitando-a ao ritmo de uma m\u00fasica patri\u00f3tica.<\/p>\n\n\n\n<p class=\"wp-block-paragraph\">M\u00fasica e discursos<br>Altos-falantes de pr\u00e9dios p\u00fablicos em Kiev passaram a tocar can\u00e7\u00f5es patri\u00f3ticas para os pedestres, e a televis\u00e3o ucraniana transmite discursos nacionalistas.<br>Em um discurso televisionado, Zelensky disse que os ucranianos estavam unidos em torno de um desejo comum &#8220;de viver em paz, felizes, em fam\u00edlia, filhos com os pais&#8221;.<\/p>\n\n\n\n<p class=\"wp-block-paragraph\">Marcha pela unidade<br>Em diversas cidades do pa\u00eds, marchas nacionalistas foram registradas com m\u00fasica, cores da bandeira e faixas em apoio da uni\u00e3o nacional.<\/p>","protected":false},"excerpt":{"rendered":"<p>Presidente decretou no in\u00edcio da semana que 16 de fevereiro seria celebrado &#8216;dia da unidade nacional&#8217;, data de uma poss\u00edvel invas\u00e3o<\/p>","protected":false},"author":3,"featured_media":7490,"comment_status":"open","ping_status":"open","sticky":false,"template":"","format":"standard","meta":{"googlesitekit_rrm_CAow6MXMDA:productID":"","footnotes":""},"categories":[2],"tags":[],"class_list":["post-7489","post","type-post","status-publish","format-standard","has-post-thumbnail","hentry","category-internacional"],"brizy_media":[],"_links":{"self":[{"href":"https:\/\/jornalcorporativo.com.br\/en\/wp-json\/wp\/v2\/posts\/7489","targetHints":{"allow":["GET"]}}],"collection":[{"href":"https:\/\/jornalcorporativo.com.br\/en\/wp-json\/wp\/v2\/posts"}],"about":[{"href":"https:\/\/jornalcorporativo.com.br\/en\/wp-json\/wp\/v2\/types\/post"}],"author":[{"embeddable":true,"href":"https:\/\/jornalcorporativo.com.br\/en\/wp-json\/wp\/v2\/users\/3"}],"replies":[{"embeddable":true,"href":"https:\/\/jornalcorporativo.com.br\/en\/wp-json\/wp\/v2\/comments?post=7489"}],"version-history":[{"count":0,"href":"https:\/\/jornalcorporativo.com.br\/en\/wp-json\/wp\/v2\/posts\/7489\/revisions"}],"wp:featuredmedia":[{"embeddable":true,"href":"https:\/\/jornalcorporativo.com.br\/en\/wp-json\/wp\/v2\/media\/7490"}],"wp:attachment":[{"href":"https:\/\/jornalcorporativo.com.br\/en\/wp-json\/wp\/v2\/media?parent=7489"}],"wp:term":[{"taxonomy":"category","embeddable":true,"href":"https:\/\/jornalcorporativo.com.br\/en\/wp-json\/wp\/v2\/categories?post=7489"},{"taxonomy":"post_tag","embeddable":true,"href":"https:\/\/jornalcorporativo.com.br\/en\/wp-json\/wp\/v2\/tags?post=7489"}],"curies":[{"name":"wp","href":"https:\/\/api.w.org\/{rel}","templated":true}]}}