{"id":7572,"date":"2022-02-18T16:35:08","date_gmt":"2022-02-18T19:35:08","guid":{"rendered":"https:\/\/jornalcorporativo.com.br\/?p=7572"},"modified":"2022-02-18T16:35:12","modified_gmt":"2022-02-18T19:35:12","slug":"separatistas-de-donetsk-retiram-civis-do-territorio","status":"publish","type":"post","link":"https:\/\/jornalcorporativo.com.br\/en\/internacional\/separatistas-de-donetsk-retiram-civis-do-territorio\/","title":{"rendered":"Separatistas de Donetsk retiram civis do territ\u00f3rio"},"content":{"rendered":"<p class=\"wp-block-paragraph\">O l\u00edder da regi\u00e3o de Donetsk, que se autoproclama uma rep\u00fablica, anunciou nesta sexta-feira (18) que est\u00e1 retirando civis do territ\u00f3rio e os levando para a R\u00fassia, pa\u00eds vizinho e aliado.<br>Os rebeldes de Donetsk est\u00e3o em guerra com a Ucr\u00e2nia desde 2014. Nesta sexta-feira, eles acusaram o governo da Ucr\u00e2nia de preparar uma invas\u00e3o, depois que os confrontos aumentaram.<br>Nesta sexta-feira, &#8220;uma partida maci\u00e7a e centralizada da popula\u00e7\u00e3o para a Federa\u00e7\u00e3o Russa foi organizada, antes de tudo, mulheres, crian\u00e7as e idosos devem ser evacuados&#8221;, declarou Denis Pushilin, um dos l\u00edderes dos rebeldes, em um v\u00eddeo em sua conta no Telegram.<br>&#8220;O presidente ucraniano, Volodymyr Zelensky, muito em breve dar\u00e1 ordem para partir para a ofensiva e lan\u00e7ar\u00e1 um plano para invadir as Rep\u00fablicas Populares de Donetsk e Lugansk&#8221;, disse ele, referindo-se aos dois territ\u00f3rios separatistas.<\/p>\n\n\n\n<p class=\"wp-block-paragraph\">Governo diz que n\u00e3o pretende atacar<br>Nesta sexta-feira, ministro ucraniano da Defesa foi ao Parlamento do pa\u00eds e disse que o governo n\u00e3o tem a inten\u00e7\u00e3o de executar ofensivas contra os territ\u00f3rios separatistas do leste do pa\u00eds ou da pen\u00ednsula anexada da Crimeia. &#8220;Refor\u00e7amos nossa defesa, mas n\u00e3o temos a inten\u00e7\u00e3o de executar nenhuma ofensiva contra estes territ\u00f3rios&#8221;, disse o ministro Oleksiy Reznikov no Parlamento.<\/p>\n\n\n\n<p class=\"wp-block-paragraph\">Os Estados Unidos e o Reino Unido acusam a R\u00fassia de querer incitar a viol\u00eancia nesses territ\u00f3rios controlados por separatistas pr\u00f3-R\u00fassia para encontrar uma raz\u00e3o para invadir a Ucr\u00e2nia, para cujas fronteiras foram enviados cerca de 150 mil soldados.<\/p>\n\n\n\n<p class=\"wp-block-paragraph\">Ucr\u00e2nia descarta ofensiva<br>A Ucr\u00e2nia n\u00e3o tem a inten\u00e7\u00e3o de executar ofensivas contra os territ\u00f3rios separatistas do leste do pa\u00eds ou da pen\u00ednsula anexada da Crimeia, afirmou nesta sexta-feira (18) o ministro ucraniano da Defesa.<\/p>","protected":false},"excerpt":{"rendered":"<p>O l\u00edder da regi\u00e3o de Donetsk, anunciou que est\u00e1 retirando civis do territ\u00f3rio e os levando para a R\u00fassia, pa\u00eds vizinho e aliado<\/p>","protected":false},"author":3,"featured_media":7573,"comment_status":"open","ping_status":"open","sticky":false,"template":"","format":"standard","meta":{"googlesitekit_rrm_CAow6MXMDA:productID":"","footnotes":""},"categories":[2],"tags":[],"class_list":["post-7572","post","type-post","status-publish","format-standard","has-post-thumbnail","hentry","category-internacional"],"brizy_media":[],"_links":{"self":[{"href":"https:\/\/jornalcorporativo.com.br\/en\/wp-json\/wp\/v2\/posts\/7572","targetHints":{"allow":["GET"]}}],"collection":[{"href":"https:\/\/jornalcorporativo.com.br\/en\/wp-json\/wp\/v2\/posts"}],"about":[{"href":"https:\/\/jornalcorporativo.com.br\/en\/wp-json\/wp\/v2\/types\/post"}],"author":[{"embeddable":true,"href":"https:\/\/jornalcorporativo.com.br\/en\/wp-json\/wp\/v2\/users\/3"}],"replies":[{"embeddable":true,"href":"https:\/\/jornalcorporativo.com.br\/en\/wp-json\/wp\/v2\/comments?post=7572"}],"version-history":[{"count":0,"href":"https:\/\/jornalcorporativo.com.br\/en\/wp-json\/wp\/v2\/posts\/7572\/revisions"}],"wp:featuredmedia":[{"embeddable":true,"href":"https:\/\/jornalcorporativo.com.br\/en\/wp-json\/wp\/v2\/media\/7573"}],"wp:attachment":[{"href":"https:\/\/jornalcorporativo.com.br\/en\/wp-json\/wp\/v2\/media?parent=7572"}],"wp:term":[{"taxonomy":"category","embeddable":true,"href":"https:\/\/jornalcorporativo.com.br\/en\/wp-json\/wp\/v2\/categories?post=7572"},{"taxonomy":"post_tag","embeddable":true,"href":"https:\/\/jornalcorporativo.com.br\/en\/wp-json\/wp\/v2\/tags?post=7572"}],"curies":[{"name":"wp","href":"https:\/\/api.w.org\/{rel}","templated":true}]}}