{"id":7588,"date":"2022-02-18T16:43:14","date_gmt":"2022-02-18T19:43:14","guid":{"rendered":"https:\/\/jornalcorporativo.com.br\/?p=7588"},"modified":"2022-02-18T16:43:19","modified_gmt":"2022-02-18T19:43:19","slug":"centro-nacional-que-monitora-desastres-naturais-teve-menor-orcamento-da-historia","status":"publish","type":"post","link":"https:\/\/jornalcorporativo.com.br\/en\/brasil\/centro-nacional-que-monitora-desastres-naturais-teve-menor-orcamento-da-historia\/","title":{"rendered":"Centro nacional que monitora desastres naturais teve menor or\u00e7amento da hist\u00f3ria"},"content":{"rendered":"<p class=\"wp-block-paragraph\">Em dezembro de 2015, o Centro Nacional de Monitoramento e Alertas de Desastres Naturais (Cemaden) entregava ao munic\u00edpio de Petr\u00f3polis (RJ) uma moderna Esta\u00e7\u00e3o Total Robotizada (ETR), um equipamento capaz de detectar a movimenta\u00e7\u00e3o de terra e, assim, ajudar a detectar poss\u00edveis deslizamentos nos morros.<\/p>\n\n\n\n<p class=\"wp-block-paragraph\">Mas, neste fevereiro de 2022, quando fortes chuvas levaram \u00e0 morte de mais de cem pessoas no munic\u00edpio, o equipamento n\u00e3o estava mais em Petr\u00f3polis, e sim em Cachoeira Paulista (SP), onde est\u00e1 uma unidade do Cemaden. Em 2017, as nove ETRs que a institui\u00e7\u00e3o havia espalhado para munic\u00edpios piloto no pa\u00eds, incluindo Petr\u00f3polis, precisaram ser retiradas para manuten\u00e7\u00e3o e nunca mais voltaram, segundo conta o diretor do Cemaden, o f\u00edsico Osvaldo Moraes.<br>&#8220;Essas esta\u00e7\u00f5es requerem a calibra\u00e7\u00e3o em laborat\u00f3rio, mas n\u00e3o t\u00ednhamos or\u00e7amento para isso. Preferimos retir\u00e1-las do campo do que deix\u00e1-las l\u00e1, depreciando-se. N\u00e3o t\u00ednhamos recurso para fazer esta manuten\u00e7\u00e3o, e continuamos sem recurso&#8221;, relata Moraes.<br>O Cemaden \u00e9 vinculado ao Minist\u00e9rio da Ci\u00eancia, Tecnologia e Inova\u00e7\u00f5es (MCTI) e, segundo dados enviados pelo pr\u00f3prio centro \u00e0 reportagem, este teve em 2021 o menor or\u00e7amento desde sua cria\u00e7\u00e3o, em 2011. No ano passado, o Cemaden recebeu R$ 17,9 milh\u00f5es de verbas federais; em 2020, havia recebido R$ 20,9 milh\u00f5es; e em 2012, R$ 90,7 milh\u00f5es (o primeiro ano de que se h\u00e1 registro). Estes valores s\u00e3o nominais, ou seja, n\u00e3o incluem as varia\u00e7\u00f5es inflacion\u00e1rias.<br>Para 2022, Moraes diz que h\u00e1 a previs\u00e3o de uma recomposi\u00e7\u00e3o deste or\u00e7amento, com valor anual total de R$ 23 milh\u00f5es.<\/p>\n\n\n\n<p class=\"wp-block-paragraph\">Segundo o diretor do centro, os anos iniciais trouxeram os maiores volumes de verbas; entre 2015 e 2020, os valores ficaram em um mesmo patamar, at\u00e9 a queda em 2021. O Cemaden foi criado em 2011, meses ap\u00f3s chuvas, enchentes e deslizamentos deixarem mais de 900 mortos da Regi\u00e3o Serrana do Rio de Janeiro, \u00e1rea da qual Petr\u00f3polis faz parte.<\/p>\n\n\n\n<p class=\"wp-block-paragraph\">&#8220;Esse or\u00e7amento inicial foi muito alto porque se destinava exatamente a uma coisa que o Brasil n\u00e3o tinha antes. Era para fazer a compra e instala\u00e7\u00e3o da rede de monitoramento&#8221;, ressalva Osvaldo Moraes.<\/p>\n\n\n\n<p class=\"wp-block-paragraph\">Em resumo, a fun\u00e7\u00e3o do Cemaden \u00e9, com seus equipamentos, monitorar \u00e1reas de risco \u2014 n\u00e3o s\u00f3 para enchentes, mas tamb\u00e9m para seca, entre outros \u2014 e emitir alertas para o Centro Nacional de Gerenciamento de Riscos e Desastres (Cenad), que ent\u00e3o encaminha a sinaliza\u00e7\u00e3o para as defesas civis locais.<\/p>","protected":false},"excerpt":{"rendered":"<p>Respons\u00e1vel por emitir alertas para estados e munic\u00edpios, o Cemaden teve em 2021 o menor or\u00e7amento desde sua cria\u00e7\u00e3o<\/p>","protected":false},"author":3,"featured_media":7589,"comment_status":"open","ping_status":"open","sticky":false,"template":"","format":"standard","meta":{"googlesitekit_rrm_CAow6MXMDA:productID":"","footnotes":""},"categories":[36],"tags":[],"class_list":["post-7588","post","type-post","status-publish","format-standard","has-post-thumbnail","hentry","category-brasil"],"brizy_media":[],"_links":{"self":[{"href":"https:\/\/jornalcorporativo.com.br\/en\/wp-json\/wp\/v2\/posts\/7588","targetHints":{"allow":["GET"]}}],"collection":[{"href":"https:\/\/jornalcorporativo.com.br\/en\/wp-json\/wp\/v2\/posts"}],"about":[{"href":"https:\/\/jornalcorporativo.com.br\/en\/wp-json\/wp\/v2\/types\/post"}],"author":[{"embeddable":true,"href":"https:\/\/jornalcorporativo.com.br\/en\/wp-json\/wp\/v2\/users\/3"}],"replies":[{"embeddable":true,"href":"https:\/\/jornalcorporativo.com.br\/en\/wp-json\/wp\/v2\/comments?post=7588"}],"version-history":[{"count":0,"href":"https:\/\/jornalcorporativo.com.br\/en\/wp-json\/wp\/v2\/posts\/7588\/revisions"}],"wp:featuredmedia":[{"embeddable":true,"href":"https:\/\/jornalcorporativo.com.br\/en\/wp-json\/wp\/v2\/media\/7589"}],"wp:attachment":[{"href":"https:\/\/jornalcorporativo.com.br\/en\/wp-json\/wp\/v2\/media?parent=7588"}],"wp:term":[{"taxonomy":"category","embeddable":true,"href":"https:\/\/jornalcorporativo.com.br\/en\/wp-json\/wp\/v2\/categories?post=7588"},{"taxonomy":"post_tag","embeddable":true,"href":"https:\/\/jornalcorporativo.com.br\/en\/wp-json\/wp\/v2\/tags?post=7588"}],"curies":[{"name":"wp","href":"https:\/\/api.w.org\/{rel}","templated":true}]}}