{"id":7863,"date":"2022-03-03T19:04:03","date_gmt":"2022-03-03T22:04:03","guid":{"rendered":"https:\/\/jornalcorporativo.com.br\/?p=7863"},"modified":"2022-03-03T19:04:09","modified_gmt":"2022-03-03T22:04:09","slug":"russia-recorre-contra-sancoes-da-fifa-e-uefa-e-condena-expulsao-das-eliminatorias","status":"publish","type":"post","link":"https:\/\/jornalcorporativo.com.br\/en\/esportes\/russia-recorre-contra-sancoes-da-fifa-e-uefa-e-condena-expulsao-das-eliminatorias\/","title":{"rendered":"R\u00fassia recorre contra san\u00e7\u00f5es da Fifa e Uefa e condena expuls\u00e3o das eliminat\u00f3rias"},"content":{"rendered":"<p class=\"wp-block-paragraph\">A Federa\u00e7\u00e3o Russa de Futebol (RFS) comunicou que vai recorrer \u00e0 Corte Arbitral do Esporte (CAS), a \u00faltima inst\u00e2ncia do direito desportivo, contra as san\u00e7\u00f5es da Fifa e da Uefa. Na \u00faltima segunda, o pa\u00eds e os seus clubes foram exclu\u00eddos de todas as competi\u00e7\u00f5es das duas entidades, dentre elas as eliminat\u00f3rias da Copa do Mundo.<\/p>\n\n\n\n<p class=\"wp-block-paragraph\">\u2013 A RFS acredita que a Fifa e a Uefa, ao decidirem sobre o afastamento das equipes russas, n\u00e3o tinham base legal. Violou os direitos fundamentais da RFS como membro da Fifa e da Uefa.<\/p>\n\n\n\n<p class=\"wp-block-paragraph\">\u201cA decis\u00e3o de retirar a sele\u00e7\u00e3o da classifica\u00e7\u00e3o para a Copa do Mundo de 2022 foi tomada sob press\u00e3o de rivais diretos na repescagem, o que violou o princ\u00edpio do esporte e as regras do fair play\u201d, escreve a federa\u00e7\u00e3o.<br>A Federa\u00e7\u00e3o Russa alega que n\u00e3o teve direito a defesa e reiterou que Fifa e Uefa sequer cogitaram outras alternativas para lidar com as equipes do pa\u00eds. \u00danico time que seguia vivo em um torneio europeu, o Spartak Moscou foi exclu\u00eddo da Liga Europa.<\/p>\n\n\n\n<p class=\"wp-block-paragraph\">\u2013 A Uni\u00e3o Russa de Futebol tamb\u00e9m n\u00e3o teve o direito de apresentar sua posi\u00e7\u00e3o, o que violou o direito fundamental de defesa. Al\u00e9m disso, ao tomar decis\u00f5es, Fifa e a Uefa n\u00e3o levaram em considera\u00e7\u00e3o outras op\u00e7\u00f5es poss\u00edveis de a\u00e7\u00e3o, exceto a exclus\u00e3o completa dos times russos.<\/p>\n\n\n\n<p class=\"wp-block-paragraph\">A R\u00fassia enfrentaria a Pol\u00f4nia em uma das chaves da repescagem europeia para a Copa do Mundo. Ap\u00f3s a invas\u00e3o \u00e0 Ucr\u00e2nia, poloneses, suecos e tchecos, que estariam na disputa com os russos por uma vaga no Mundial, declararam que n\u00e3o enfrentariam o pa\u00eds.<br>A Fifa, posteriormente, excluiu a R\u00fassia de todas as competi\u00e7\u00f5es. A sele\u00e7\u00e3o feminina n\u00e3o vai disputar a Eurocopa feminina, que ser\u00e1 disputada em julho, na Inglaterra. A entidade que comanda o futebol mundial e a Uefa ainda n\u00e3o confirmaram se a Pol\u00f4nia avan\u00e7a por W.O. Segundo apurou o ge, a classifica\u00e7\u00e3o dos poloneses para enfrentar Su\u00e9cia ou Rep\u00fablica Tcheca deve ocorrer.<\/p>\n\n\n\n<p class=\"wp-block-paragraph\">Exclus\u00e3o<br>A R\u00fassia disputaria uma partida pela repescagem das Eliminat\u00f3rias para a Copa no dia 24 de mar\u00e7o, contra a Pol\u00f4nia \u2013 que se recusava a participar do jogo e enfrentar a R\u00fassia em qualquer circunst\u00e2ncia. A mesma posi\u00e7\u00e3o era compartilhada por Rep\u00fablica Tcheca e Su\u00e9cia, que tamb\u00e9m se enfrentam pelas Eliminat\u00f3rias \u2013 num jogo cujo vencedor pegaria quem ganhasse entre R\u00fassia e Pol\u00f4nia.<\/p>","protected":false},"excerpt":{"rendered":"<p>Federa\u00e7\u00e3o diz que n\u00e3o teve chance para defesa e acusa entidades de agir sob press\u00e3o de rivais na disputa por vaga no Mundial<\/p>","protected":false},"author":3,"featured_media":7864,"comment_status":"open","ping_status":"open","sticky":false,"template":"","format":"standard","meta":{"_crdt_document":"","footnotes":""},"categories":[6],"tags":[],"class_list":["post-7863","post","type-post","status-publish","format-standard","has-post-thumbnail","hentry","category-esportes"],"brizy_media":[],"_links":{"self":[{"href":"https:\/\/jornalcorporativo.com.br\/en\/wp-json\/wp\/v2\/posts\/7863","targetHints":{"allow":["GET"]}}],"collection":[{"href":"https:\/\/jornalcorporativo.com.br\/en\/wp-json\/wp\/v2\/posts"}],"about":[{"href":"https:\/\/jornalcorporativo.com.br\/en\/wp-json\/wp\/v2\/types\/post"}],"author":[{"embeddable":true,"href":"https:\/\/jornalcorporativo.com.br\/en\/wp-json\/wp\/v2\/users\/3"}],"replies":[{"embeddable":true,"href":"https:\/\/jornalcorporativo.com.br\/en\/wp-json\/wp\/v2\/comments?post=7863"}],"version-history":[{"count":0,"href":"https:\/\/jornalcorporativo.com.br\/en\/wp-json\/wp\/v2\/posts\/7863\/revisions"}],"wp:featuredmedia":[{"embeddable":true,"href":"https:\/\/jornalcorporativo.com.br\/en\/wp-json\/wp\/v2\/media\/7864"}],"wp:attachment":[{"href":"https:\/\/jornalcorporativo.com.br\/en\/wp-json\/wp\/v2\/media?parent=7863"}],"wp:term":[{"taxonomy":"category","embeddable":true,"href":"https:\/\/jornalcorporativo.com.br\/en\/wp-json\/wp\/v2\/categories?post=7863"},{"taxonomy":"post_tag","embeddable":true,"href":"https:\/\/jornalcorporativo.com.br\/en\/wp-json\/wp\/v2\/tags?post=7863"}],"curies":[{"name":"wp","href":"https:\/\/api.w.org\/{rel}","templated":true}]}}