{"id":8111,"date":"2022-03-15T16:32:56","date_gmt":"2022-03-15T19:32:56","guid":{"rendered":"https:\/\/jornalcorporativo.com.br\/?p=8111"},"modified":"2022-03-15T16:33:01","modified_gmt":"2022-03-15T19:33:01","slug":"coronavirus-e-varizes-o-que-sabemos-sobre-efeitos-da-covid-na-circulacao","status":"publish","type":"post","link":"https:\/\/jornalcorporativo.com.br\/en\/saude-natural\/coronavirus-e-varizes-o-que-sabemos-sobre-efeitos-da-covid-na-circulacao\/","title":{"rendered":"Coronav\u00edrus e varizes: o que sabemos sobre efeitos da Covid na circula\u00e7\u00e3o"},"content":{"rendered":"<p class=\"wp-block-paragraph\">Foi-se o tempo em que a Covid-19 era encarada apenas como uma doen\u00e7a respirat\u00f3ria. Hoje em dia, h\u00e1 um consenso entre os especialistas de que as repercuss\u00f5es da infec\u00e7\u00e3o pelo coronav\u00edrus n\u00e3o se limitam aos pulm\u00f5es e podem afetar v\u00e1rias outras partes do corpo, especialmente os vasos sangu\u00edneos.<\/p>\n\n\n\n<p class=\"wp-block-paragraph\">O risco de desenvolver uma trombose \u2014 a forma\u00e7\u00e3o de co\u00e1gulos em veias e art\u00e9rias que podem bloquear o fluxo sangu\u00edneo e interromper o suprimento de oxig\u00eanio e nutrientes para os \u00f3rg\u00e3os \u2014 \u00e9 bem maior em pacientes infectados, especialmente aqueles com quadros mais graves, que precisam de interna\u00e7\u00e3o em Unidade em Terapia Intensiva (UTI).<\/p>\n\n\n\n<p class=\"wp-block-paragraph\">E, de acordo com especialistas ouvidos pela BBC News Brasil, a probabilidade de ter essa complica\u00e7\u00e3o vascular durante ou ap\u00f3s a Covid cresce um pouco mais naquelas pessoas que t\u00eam varizes, quadro marcado pela dilata\u00e7\u00e3o e pela deforma\u00e7\u00e3o das veias mais superficiais das pernas.<br>Segundo a Sociedade Brasileira de Angiologia e Cirurgia Vascular (SBACV), cerca de 38% dos brasileiros possuem varizes.<\/p>\n\n\n\n<p class=\"wp-block-paragraph\">Pior a emenda que o soneto<br>O m\u00e9dico Carlos Jardim, que trabalha na Divis\u00e3o de Pneumologia do Instituto do Cora\u00e7\u00e3o (InCor), em S\u00e3o Paulo, lembra que, logo no in\u00edcio da pandemia, surgiram as primeiras suspeitas de que o coronav\u00edrus pode afetar veias e art\u00e9rias.<br>&#8220;Come\u00e7amos a ver muitos fen\u00f4menos de trombose nos pacientes que iam para UTI. A frequ\u00eancia era bem maior do que hav\u00edamos observado em outros surtos de v\u00edrus respirat\u00f3rios, como na pandemia de H1N1 em 2009&#8221;, conta.<br>E a explica\u00e7\u00e3o para isso tem a ver com uma afinidade que existe entre o Sars-CoV-2, o pat\u00f3geno que causa a Covid, e as c\u00e9lulas que formam a camada interna dos vasos sangu\u00edneos, tamb\u00e9m conhecida como endot\u00e9lio.<\/p>\n\n\n\n<p class=\"wp-block-paragraph\">Varizes<br>Antes de mais nada, \u00e9 preciso deixar claro que n\u00e3o existem muitos estudos que investigam essa rela\u00e7\u00e3o. N\u00e3o h\u00e1, por exemplo, um c\u00e1lculo de qual \u00e9 o risco extra que portadores dessa enfermidade, marcada por veias inchadas e deformadas nas pernas, correm de ter trombose, caso sejam infectados pelo coronav\u00edrus.<br>Por ora, o surgimento de varizes depois da Covid \u00e9 encarada como um evento independente e sem um denominador comum. Em todo caso, vale buscar um m\u00e9dico para avaliar o quadro de forma personalizada, caso voc\u00ea tenha reparado algo de diferente nos vasos sangu\u00edneos dos membros inferiores.<\/p>\n\n\n\n<p class=\"wp-block-paragraph\">J\u00e1 o maior risco de trombose durante ou ap\u00f3s a Covid entre quem tem varizes vem mais de uma observa\u00e7\u00e3o pr\u00e1tica dos m\u00e9dicos que s\u00e3o especialistas nessa \u00e1rea.<\/p>","protected":false},"excerpt":{"rendered":"<p>As veias tortuosas e dilatadas nas pernas aumentam ainda mais a probabilidade de uma das complica\u00e7\u00f5es da Covid: trombose<\/p>","protected":false},"author":3,"featured_media":8112,"comment_status":"open","ping_status":"open","sticky":false,"template":"","format":"standard","meta":{"_crdt_document":"","footnotes":""},"categories":[8],"tags":[],"class_list":["post-8111","post","type-post","status-publish","format-standard","has-post-thumbnail","hentry","category-saude-natural"],"brizy_media":[],"_links":{"self":[{"href":"https:\/\/jornalcorporativo.com.br\/en\/wp-json\/wp\/v2\/posts\/8111","targetHints":{"allow":["GET"]}}],"collection":[{"href":"https:\/\/jornalcorporativo.com.br\/en\/wp-json\/wp\/v2\/posts"}],"about":[{"href":"https:\/\/jornalcorporativo.com.br\/en\/wp-json\/wp\/v2\/types\/post"}],"author":[{"embeddable":true,"href":"https:\/\/jornalcorporativo.com.br\/en\/wp-json\/wp\/v2\/users\/3"}],"replies":[{"embeddable":true,"href":"https:\/\/jornalcorporativo.com.br\/en\/wp-json\/wp\/v2\/comments?post=8111"}],"version-history":[{"count":0,"href":"https:\/\/jornalcorporativo.com.br\/en\/wp-json\/wp\/v2\/posts\/8111\/revisions"}],"wp:featuredmedia":[{"embeddable":true,"href":"https:\/\/jornalcorporativo.com.br\/en\/wp-json\/wp\/v2\/media\/8112"}],"wp:attachment":[{"href":"https:\/\/jornalcorporativo.com.br\/en\/wp-json\/wp\/v2\/media?parent=8111"}],"wp:term":[{"taxonomy":"category","embeddable":true,"href":"https:\/\/jornalcorporativo.com.br\/en\/wp-json\/wp\/v2\/categories?post=8111"},{"taxonomy":"post_tag","embeddable":true,"href":"https:\/\/jornalcorporativo.com.br\/en\/wp-json\/wp\/v2\/tags?post=8111"}],"curies":[{"name":"wp","href":"https:\/\/api.w.org\/{rel}","templated":true}]}}