{"id":8115,"date":"2022-03-15T16:33:52","date_gmt":"2022-03-15T19:33:52","guid":{"rendered":"https:\/\/jornalcorporativo.com.br\/?p=8115"},"modified":"2022-03-15T16:33:57","modified_gmt":"2022-03-15T19:33:57","slug":"armas-de-destruicao-em-massa-vao-alem-das-nucleares","status":"publish","type":"post","link":"https:\/\/jornalcorporativo.com.br\/en\/internacional\/armas-de-destruicao-em-massa-vao-alem-das-nucleares\/","title":{"rendered":"Armas de destrui\u00e7\u00e3o em massa v\u00e3o al\u00e9m das nucleares"},"content":{"rendered":"<p class=\"wp-block-paragraph\">Enquanto os russos procuram evitar que armas e muni\u00e7\u00f5es do ocidente cheguem aos ucranianos, autoridades mundiais fazem alertas contra a utiliza\u00e7\u00e3o de um arsenal cada vez mais perigoso pelo ex\u00e9rcito de Vladimir Putin.<br>\u00c0 medida que o combate contra um inimigo tido como inferior se alonga, o mundo se pergunta o que os russos ainda podem fazer.<br>O secret\u00e1rio-geral das Na\u00e7\u00f5es Unidas, Ant\u00f3nio Guterres, alertou para o risco de uma guerra nuclear na Europa: &#8220;O alerta das for\u00e7as nucleares russas \u00e9 de arrepiar os ossos e a perspectiva de um conflito nuclear, antes impens\u00e1vel, agora est\u00e1 de volta ao reino das possibilidades&#8221;.<\/p>\n\n\n\n<p class=\"wp-block-paragraph\">Bombas termob\u00e1ricas<br>Nos \u00faltimos dias o mundo tem olhado com aten\u00e7\u00e3o o uso de armas cada vez mais perigosas. Na semana passada o minist\u00e9rio da defesa do Reino Unido acusou a R\u00fassia de usar as chamadas bombas termob\u00e1ricas na Ucr\u00e2nia, uma arma com potencial destrutivo impressionante.<br>\u201cBombas termob\u00e1ricas s\u00e3o bombas de uma efici\u00eancia energ\u00e9tica muito boa, usa um alto explosivo. Gera um v\u00e1cuo muito grande, al\u00e9m de um calor muito grande&#8221;, explica Willy Hauffe, especialista da Associa\u00e7\u00e3o Nacional dos Peritos. &#8220;O v\u00e1cuo geralmente \u00e9 para colapso de estruturas. E o calor justamente para queimar tudo em volta e at\u00e9 queimar pessoas\u201d, disse.<\/p>\n\n\n\n<p class=\"wp-block-paragraph\">Armas de destrui\u00e7\u00e3o em massa<br>A troca de acusa\u00e7\u00f5es entre russos e americanos sobre o uso e o desenvolvimento de armas qu\u00edmicas e a permanente amea\u00e7a nuclear traz \u00e0 tona a quest\u00e3o das armas de destrui\u00e7\u00e3o em massa.<br>Os especialistas ouvidos nessa reportagem afirmam que j\u00e1 \u00e9 poss\u00edvel fazer muito estrago com o uso de armamentos convencionais e que as armas de destrui\u00e7\u00e3o em massa seriam uma escolha improv\u00e1vel.<br>Ela seria uma forma de provocar terror na popula\u00e7\u00e3o ucraniana e for\u00e7ar uma rendi\u00e7\u00e3o imediata. As consequ\u00eancias de um ato como esse, ainda segundo os especialistas, seriam devastadoras.<\/p>","protected":false},"excerpt":{"rendered":"<p>Especialistas afirmam que \u00e9 poss\u00edvel fazer estrago com armamentos convencionais e armas de destrui\u00e7\u00e3o em massa seria improv\u00e1vel<\/p>","protected":false},"author":3,"featured_media":8116,"comment_status":"open","ping_status":"open","sticky":false,"template":"","format":"standard","meta":{"_crdt_document":"","footnotes":""},"categories":[2],"tags":[],"class_list":["post-8115","post","type-post","status-publish","format-standard","has-post-thumbnail","hentry","category-internacional"],"brizy_media":[],"_links":{"self":[{"href":"https:\/\/jornalcorporativo.com.br\/en\/wp-json\/wp\/v2\/posts\/8115","targetHints":{"allow":["GET"]}}],"collection":[{"href":"https:\/\/jornalcorporativo.com.br\/en\/wp-json\/wp\/v2\/posts"}],"about":[{"href":"https:\/\/jornalcorporativo.com.br\/en\/wp-json\/wp\/v2\/types\/post"}],"author":[{"embeddable":true,"href":"https:\/\/jornalcorporativo.com.br\/en\/wp-json\/wp\/v2\/users\/3"}],"replies":[{"embeddable":true,"href":"https:\/\/jornalcorporativo.com.br\/en\/wp-json\/wp\/v2\/comments?post=8115"}],"version-history":[{"count":0,"href":"https:\/\/jornalcorporativo.com.br\/en\/wp-json\/wp\/v2\/posts\/8115\/revisions"}],"wp:featuredmedia":[{"embeddable":true,"href":"https:\/\/jornalcorporativo.com.br\/en\/wp-json\/wp\/v2\/media\/8116"}],"wp:attachment":[{"href":"https:\/\/jornalcorporativo.com.br\/en\/wp-json\/wp\/v2\/media?parent=8115"}],"wp:term":[{"taxonomy":"category","embeddable":true,"href":"https:\/\/jornalcorporativo.com.br\/en\/wp-json\/wp\/v2\/categories?post=8115"},{"taxonomy":"post_tag","embeddable":true,"href":"https:\/\/jornalcorporativo.com.br\/en\/wp-json\/wp\/v2\/tags?post=8115"}],"curies":[{"name":"wp","href":"https:\/\/api.w.org\/{rel}","templated":true}]}}