{"id":8128,"date":"2022-03-15T17:47:24","date_gmt":"2022-03-15T20:47:24","guid":{"rendered":"https:\/\/jornalcorporativo.com.br\/?p=8128"},"modified":"2022-03-15T17:47:31","modified_gmt":"2022-03-15T20:47:31","slug":"aneel-aprova-novo-emprestimo-bancario-de-r-105-bi-ao-setor-eletrico-consumidor-paga","status":"publish","type":"post","link":"https:\/\/jornalcorporativo.com.br\/en\/economia\/aneel-aprova-novo-emprestimo-bancario-de-r-105-bi-ao-setor-eletrico-consumidor-paga\/","title":{"rendered":"Aneel aprova novo empr\u00e9stimo banc\u00e1rio de R$ 10,5 bi ao setor el\u00e9trico; consumidor paga"},"content":{"rendered":"<p class=\"wp-block-paragraph\">A Ag\u00eancia Nacional de Energia El\u00e9trica (Aneel) decidiu nesta ter\u00e7a-feira (15) que o novo empr\u00e9stimo ao setor el\u00e9trico para cobrir os custos da crise energ\u00e9tica do ano passado ser\u00e1 de at\u00e9 R$ 10,5 bilh\u00f5es, dividido em duas partes.<\/p>\n\n\n\n<p class=\"wp-block-paragraph\">O dinheiro ser\u00e1 levantado junto a bancos p\u00fablicos e privados. O financiamento, com cobran\u00e7a de juros, ser\u00e1 pago pelos consumidores de energia atrav\u00e9s de um novo encargo aplicado \u00e0 conta de luz a partir de 2023.<br>A primeira parte do empr\u00e9stimo foi regulamentada nesta ter\u00e7a e ser\u00e1 de at\u00e9 R$ 5,3 bilh\u00f5es, \u00e0 vista. O valor dever\u00e1 cobrir:<\/p>\n\n\n\n<ul class=\"wp-block-list\"><li>o saldo negativo das bandeiras tarif\u00e1rias que n\u00e3o arrecadaram o suficiente (R$ 540 milh\u00f5es);<\/li><li>o custo do b\u00f4nus pago aos consumidores que economizaram energia no fim do ano passado (R$ 1,68 bilh\u00e3o),<\/li><li>a posterga\u00e7\u00e3o de cobran\u00e7as pelas distribuidoras (R$ 2,33 bilh\u00f5es); e<\/li><li>a importa\u00e7\u00e3o de energia, entre julho e agosto do ano passado (R$ 790 milh\u00f5es).<br>J\u00e1 a segunda parte \u2013 estimada, at\u00e9 o momento, em outros R$ 5,2 bilh\u00f5es \u2013 ser\u00e1 para cobrir parte do custo da contrata\u00e7\u00e3o emergencial de energia, realizada em leil\u00e3o simplificado no ano passado e com per\u00edodo de fornecimento a partir de 1\u00ba de maio deste ano.<\/li><\/ul>\n\n\n\n<p class=\"wp-block-paragraph\">A segunda parte do empr\u00e9stimo, por\u00e9m, ainda ser\u00e1 avaliada pela ag\u00eancia e passar\u00e1 por consulta p\u00fablica. N\u00e3o h\u00e1 previs\u00e3o de quando isso ocorrer\u00e1.<br>Consumidor paga<br>O prazo total do financiamento e a taxa de juros ainda ser\u00e3o definidos junto aos bancos que v\u00e3o emprestar o dinheiro. A previs\u00e3o da Aneel \u00e9 que a opera\u00e7\u00e3o saia at\u00e9 a primeira quinzena de abril. O prazo total do financiamento ser\u00e1 de 54 meses.<br>O financiamento ser\u00e1 direcionado \u00e0s distribuidoras de energia porque elas s\u00e3o consideradas o &#8220;caixa&#8221; do setor el\u00e9trico, ou seja, arrecadam os valores junto aos consumidores atrav\u00e9s da conta de luz e pagam os geradores e transmissores de energia.<\/p>","protected":false},"excerpt":{"rendered":"<p>Empr\u00e9stimo ser\u00e1 pago com dinheiro de um novo encargo aplicado \u00e0 conta de luz a partir de 2023<\/p>","protected":false},"author":3,"featured_media":8129,"comment_status":"open","ping_status":"open","sticky":false,"template":"","format":"standard","meta":{"_crdt_document":"","footnotes":""},"categories":[4],"tags":[],"class_list":["post-8128","post","type-post","status-publish","format-standard","has-post-thumbnail","hentry","category-economia"],"brizy_media":[],"_links":{"self":[{"href":"https:\/\/jornalcorporativo.com.br\/en\/wp-json\/wp\/v2\/posts\/8128","targetHints":{"allow":["GET"]}}],"collection":[{"href":"https:\/\/jornalcorporativo.com.br\/en\/wp-json\/wp\/v2\/posts"}],"about":[{"href":"https:\/\/jornalcorporativo.com.br\/en\/wp-json\/wp\/v2\/types\/post"}],"author":[{"embeddable":true,"href":"https:\/\/jornalcorporativo.com.br\/en\/wp-json\/wp\/v2\/users\/3"}],"replies":[{"embeddable":true,"href":"https:\/\/jornalcorporativo.com.br\/en\/wp-json\/wp\/v2\/comments?post=8128"}],"version-history":[{"count":0,"href":"https:\/\/jornalcorporativo.com.br\/en\/wp-json\/wp\/v2\/posts\/8128\/revisions"}],"wp:featuredmedia":[{"embeddable":true,"href":"https:\/\/jornalcorporativo.com.br\/en\/wp-json\/wp\/v2\/media\/8129"}],"wp:attachment":[{"href":"https:\/\/jornalcorporativo.com.br\/en\/wp-json\/wp\/v2\/media?parent=8128"}],"wp:term":[{"taxonomy":"category","embeddable":true,"href":"https:\/\/jornalcorporativo.com.br\/en\/wp-json\/wp\/v2\/categories?post=8128"},{"taxonomy":"post_tag","embeddable":true,"href":"https:\/\/jornalcorporativo.com.br\/en\/wp-json\/wp\/v2\/tags?post=8128"}],"curies":[{"name":"wp","href":"https:\/\/api.w.org\/{rel}","templated":true}]}}